{"id":350895,"date":"2020-02-03T07:46:27","date_gmt":"2020-02-03T06:46:27","guid":{"rendered":"https:\/\/hashtag.al\/?p=350895"},"modified":"2020-02-03T07:48:58","modified_gmt":"2020-02-03T06:48:58","slug":"sulmuesi-ne-londer-para-nje-jave-kishte-dale-nga-burgu-si-u-perpoq-te-rekrutonte-vellezerit-e-vegjel-per-isis-in","status":"publish","type":"post","link":"https:\/\/www.hashtag.al\/index.php\/2020\/02\/03\/sulmuesi-ne-londer-para-nje-jave-kishte-dale-nga-burgu-si-u-perpoq-te-rekrutonte-vellezerit-e-vegjel-per-isis-in\/","title":{"rendered":"Sulmuesi n\u00eb Lond\u00ebr para nj\u00eb jave kishte dal\u00eb nga burgu, si u p\u00ebrpoq t\u00eb rekrutonte v\u00ebllez\u00ebrit e vegj\u00ebl p\u00ebr ISIS-in","gt_translate_keys":[{"key":"rendered","format":"text"}]},"content":{"rendered":"<p><a href=\"https:\/\/hashtag.al\/wp-content\/uploads\/2020\/02\/104849355_terror105-18amman.jpg\"><img loading=\"lazy\" decoding=\"async\" class=\"aligncenter size-full wp-image-350896\" src=\"https:\/\/hashtag.al\/wp-content\/uploads\/2020\/02\/104849355_terror105-18amman.jpg\" alt=\"\" width=\"660\" height=\"660\" srcset=\"https:\/\/www.hashtag.al\/wp-content\/uploads\/2020\/02\/104849355_terror105-18amman.jpg 660w, https:\/\/www.hashtag.al\/wp-content\/uploads\/2020\/02\/104849355_terror105-18amman-150x150.jpg 150w, https:\/\/www.hashtag.al\/wp-content\/uploads\/2020\/02\/104849355_terror105-18amman-300x300.jpg 300w, https:\/\/www.hashtag.al\/wp-content\/uploads\/2020\/02\/104849355_terror105-18amman-120x120.jpg 120w\" sizes=\"auto, (max-width: 660px) 100vw, 660px\" \/><\/a><\/p>\n<p><span style=\"color: #000000;\">I riu q\u00eb u vra nga policia pasi goditi me thik\u00eb njer\u00ebzit n\u00eb Lond\u00ebr, nuk kishte nj\u00eb jav\u00eb q\u00eb ishte liruar nga burgu n\u00eb janar.<\/span><\/p>\n<p><span style=\"color: #000000;\">Sipas Daily Mail, kur u arrestua p\u00ebr 13 vepra terroriste, Sudesh Amman nuk mund t\u00eb ndalonte s\u00eb qeshuri. Ekstremisti adoleshent nuk pranoi t\u00eb q\u00ebndronte para gjykat\u00ebsit dhe e kaloi seanc\u00ebn e tij t\u00eb d\u00ebnimit n\u00eb dhjetor t\u00eb 2018-\u00ebs duke buz\u00ebqeshur.<\/span><\/p>\n<p><span style=\"color: #000000;\">Amman vet\u00ebm qeshi kur iu tha se po p\u00ebrballet me nj\u00eb d\u00ebnim prej vet\u00ebm tre vjet\u00ebsh e kat\u00ebr muajsh. Por ai u lirua nga burgu n\u00eb janar t\u00eb 2020-\u00ebs.<\/span><\/p>\n<p><span style=\"color: #000000;\">Sipas <span style=\"color: #0000ff;\"><a style=\"color: #0000ff;\" href=\"https:\/\/www.bbc.com\/news\/uk-51351844\">BBC<\/a><\/span>-s\u00eb, Amman ishte n\u00ebn mbik\u00ebqyrjen aktive t\u00eb policis\u00eb n\u00eb koh\u00ebn kur kreu sulmin dje, p\u00ebr t\u00eb cil\u00ebn policia beson t\u00eb jet\u00eb nj\u00eb incident terrorist i lidhur me islamist\u00ebt.<\/span><\/p>\n<p><span style=\"color: #000000;\">Tre persona u plagos\u00ebn, por asnj\u00ebri nuk \u00ebsht\u00eb n\u00eb gjendje kritike p\u00ebr jet\u00ebn.<\/span><\/p>\n<p><span style=\"color: #000000;\">Kryeministri Boris Johnson tha q\u00eb qeveria do t\u00eb njoftoj\u00eb p\u00ebr planet e m\u00ebtejshme p\u00ebr t\u00eb b\u00ebr\u00eb disa \u201cndryshime thelb\u00ebsore n\u00eb sistemin e trajtimit t\u00eb atyre t\u00eb d\u00ebnuar p\u00ebr vepra terrorizmi&#8221;.<\/span><\/p>\n<p><span style=\"color: #000000;\">Si\u00e7 shkruan <span style=\"color: #0000ff;\"><a style=\"color: #0000ff;\" href=\"https:\/\/www.dailymail.co.uk\/news\/article-7959087\/Sudesh-Amaan-20-bomb-making-manuals-urged-girlfriend-kill-parents.html?ito=social-facebook&amp;fbclid=IwAR1qzRCNbQw6_HZNvEQdSQjiIZJ_ZYHYCnPg47Ak6pclZt1iNUhQn7PCKeU\">Daily Mail<\/a><\/span>, Amman dyshohet se i tha t\u00eb dashur\u00ebs s\u00eb tij t\u00eb vriste prind\u00ebrit e saj dhe u p\u00ebrpoq t\u00eb radikalizoj\u00eb dhe v\u00ebllez\u00ebrit e tij m\u00eb t\u00eb vegj\u00ebl.<\/span><\/p>\n<p><span style=\"color: #000000;\">Ai gjithashtu kishte nj\u00eb material p\u00ebr rekrutimin n\u00eb ISIS dhe ndau nj\u00eb revist\u00eb t\u00eb \u201cAl Qaeda\u201d-s n\u00eb nj\u00eb grup ne \u201c\u00cbhatsApp\u201d t\u00eb familjes, ku b\u00ebnin pjes\u00eb dhe v\u00ebllez\u00ebrit e tij m\u00eb t\u00eb vegj\u00ebl t\u00eb mosh\u00ebs midis 11 dhe 15 vje\u00e7.<\/span><\/p>\n<p><span style=\"color: #000000;\">Amman ishte i fiksuar me thika dhe kishte bler\u00eb nj\u00eb thik\u00eb luftarake n\u00eb gatishm\u00ebri p\u00ebr nj\u00eb sulm terrorist. Ai kishte shkarkuar nj\u00eb num\u00ebr manualesh n\u00eb telefon q\u00eb tregojn\u00eb se si t\u00eb vriten njer\u00ebz, duke p\u00ebrfshir\u00eb nj\u00eb p\u00ebr teknikat e p\u00ebrgjakshme t\u00eb luft\u00ebs me thika braziliane.<\/span><\/p>\n<p><span style=\"color: #000000;\">Manuali prej 79 faqesh p\u00ebrfshinte udh\u00ebzime p\u00ebr d\u00ebmtimit t\u00eb trupit me thika dhe m\u00ebnyr\u00ebn e sh\u00ebnjestrimit t\u00eb organeve jet\u00ebsore n\u00eb m\u00ebnyr\u00eb q\u00eb t\u00eb shkaktoj\u00eb &#8216;humbjen e shpejt\u00eb t\u00eb vet\u00ebdijes dhe vdekjen&#8217;.<\/span><\/p>\n","protected":false,"gt_translate_keys":[{"key":"rendered","format":"html"}]},"excerpt":{"rendered":"<p>I riu q\u00eb u vra nga policia pasi goditi me thik\u00eb njer\u00ebzit n\u00eb Lond\u00ebr, nuk kishte nj\u00eb jav\u00eb q\u00eb ishte liruar nga burgu n\u00eb janar. Sipas Daily Mail, kur u arrestua p\u00ebr 13 vepra terroriste, Sudesh Amman nuk mund t\u00eb ndalonte s\u00eb qeshuri. Ekstremisti adoleshent nuk pranoi t\u00eb q\u00ebndronte para gjykat\u00ebsit dhe e kaloi seanc\u00ebn [&hellip;]<\/p>\n","protected":false,"gt_translate_keys":[{"key":"rendered","format":"html"}]},"author":30,"featured_media":350896,"comment_status":"open","ping_status":"open","sticky":false,"template":"","format":"standard","meta":{"footnotes":""},"categories":[6],"tags":[],"class_list":["post-350895","post","type-post","status-publish","format-standard","has-post-thumbnail","hentry","category-nderkombetare"],"gt_translate_keys":[{"key":"link","format":"url"}],"_links":{"self":[{"href":"https:\/\/www.hashtag.al\/index.php\/wp-json\/wp\/v2\/posts\/350895","targetHints":{"allow":["GET"]}}],"collection":[{"href":"https:\/\/www.hashtag.al\/index.php\/wp-json\/wp\/v2\/posts"}],"about":[{"href":"https:\/\/www.hashtag.al\/index.php\/wp-json\/wp\/v2\/types\/post"}],"author":[{"embeddable":true,"href":"https:\/\/www.hashtag.al\/index.php\/wp-json\/wp\/v2\/users\/30"}],"replies":[{"embeddable":true,"href":"https:\/\/www.hashtag.al\/index.php\/wp-json\/wp\/v2\/comments?post=350895"}],"version-history":[{"count":0,"href":"https:\/\/www.hashtag.al\/index.php\/wp-json\/wp\/v2\/posts\/350895\/revisions"}],"wp:featuredmedia":[{"embeddable":true,"href":"https:\/\/www.hashtag.al\/index.php\/wp-json\/wp\/v2\/media\/350896"}],"wp:attachment":[{"href":"https:\/\/www.hashtag.al\/index.php\/wp-json\/wp\/v2\/media?parent=350895"}],"wp:term":[{"taxonomy":"category","embeddable":true,"href":"https:\/\/www.hashtag.al\/index.php\/wp-json\/wp\/v2\/categories?post=350895"},{"taxonomy":"post_tag","embeddable":true,"href":"https:\/\/www.hashtag.al\/index.php\/wp-json\/wp\/v2\/tags?post=350895"}],"curies":[{"name":"wp","href":"https:\/\/api.w.org\/{rel}","templated":true}]}}