{"id":350701,"date":"2020-02-01T17:17:58","date_gmt":"2020-02-01T16:17:58","guid":{"rendered":"https:\/\/hashtag.al\/?p=350701"},"modified":"2020-02-01T17:17:58","modified_gmt":"2020-02-01T16:17:58","slug":"rama-perplaset-me-qytetaret-ne-durres-i-kerkojne-llogari-per-strehimin","status":"publish","type":"post","link":"https:\/\/www.hashtag.al\/index.php\/2020\/02\/01\/rama-perplaset-me-qytetaret-ne-durres-i-kerkojne-llogari-per-strehimin\/","title":{"rendered":"Rama p\u00ebrplaset me qytetar\u00ebt n\u00eb Durr\u00ebs, i k\u00ebrkojn\u00eb llogari p\u00ebr strehimin","gt_translate_keys":[{"key":"rendered","format":"text"}]},"content":{"rendered":"<p><img loading=\"lazy\" decoding=\"async\" class=\"aligncenter size-full wp-image-350702\" src=\"https:\/\/hashtag.al\/wp-content\/uploads\/2020\/02\/rama-durres.jpg\" alt=\"\" width=\"770\" height=\"431\" srcset=\"https:\/\/www.hashtag.al\/wp-content\/uploads\/2020\/02\/rama-durres.jpg 770w, https:\/\/www.hashtag.al\/wp-content\/uploads\/2020\/02\/rama-durres-300x168.jpg 300w, https:\/\/www.hashtag.al\/wp-content\/uploads\/2020\/02\/rama-durres-768x430.jpg 768w\" sizes=\"auto, (max-width: 770px) 100vw, 770px\" \/><\/p>\n<p><span style=\"color: #000000;\">Gjat\u00eb vizit\u00ebs n\u00eb Durr\u00ebs p\u00ebr t\u00eb par\u00eb procesin e rind\u00ebrtimit pas t\u00ebrmetit t\u00eb 26 n\u00ebntorit, Kryeministri Edi Rama \u00ebsht\u00eb p\u00ebrplasur me qytetar\u00eb t\u00eb cil\u00ebt i k\u00ebrkuan llogari lidhur me strehimin e tyre.<\/span><\/p>\n<p><span style=\"color: #000000;\">Qytetar\u00ebt zhvilluan nj\u00eb debat me kryeministrin, duke k\u00ebrkuar t\u00eb dijn\u00eb se kur do kthehen n\u00eb sht\u00ebpi.<\/span><\/p>\n<p><span style=\"color: #000000;\"><strong>Debati:<\/strong><\/span><\/p>\n<p><span style=\"color: #000000;\"><strong>Qytetari:<\/strong>\u00a0Kryeminist\u00ebr kemi mbetur rrug\u00ebve. Si do t\u00eb b\u00ebhet kjo pun\u00eb?<\/span><\/p>\n<p><span style=\"color: #000000;\"><strong>Rama:<\/strong>\u00a0E kuptoj, pse je rrug\u00ebve? Ku? Pse je rrug\u00ebve? A je me qira? A po ta paguajm\u00eb qiran\u00eb? Je n\u00eb rregull \u00e7\u2019ke? T\u00eb lutem, tani m\u00eb fal. Zonja \u00ebsht\u00eb brenda sht\u00ebpi, ti thua s\u2019ke marr\u00eb. Edhe nj\u00eb her\u00eb, ai lek\u00ebt i ka t\u00eb garantuara p\u00ebrderisa ke lek\u00ebt. Ti s\u2019ke shkuar nga rruga. Kush ka letr\u00ebn me vendimit e K\u00ebshillit Bashkiak. Kur ka probleme duhet t\u00eb na b\u00ebni me dije se del ndonj\u00eb problem me pronar\u00ebt. Duhet b\u00ebr\u00eb projekti, duhet miratuar, t\u00eb jet\u00eb sipas standardeve.<\/span><\/p>\n<p><span style=\"color: #000000;\"><strong>Qytetari:<\/strong>\u00a0Duam t\u00eb dim\u00eb \u00e7far\u00eb do t\u00eb b\u00ebhet me ne?<\/span><\/p>\n<p><span style=\"color: #000000;\"><strong>Rama<\/strong>:\u00a0Kur rri ti?<\/span><\/p>\n<p><span style=\"color: #000000;\"><strong>Qytetari:<\/strong>\u00a0Kam dy dit\u00eb q\u00eb kam dal\u00eb nga hoteli<\/span><\/p>\n<p><span style=\"color: #000000;\"><strong>Rama:<\/strong>\u00a0Shum\u00eb mir\u00eb ti do rrish me qera. Ne po merremi me k\u00ebt\u00eb pun\u00eb. Ti prit aty se je n\u00eb rregull me k\u00ebt\u00eb fatkeq\u00ebsi.<\/span><\/p>\n<p><span style=\"color: #000000;\"><strong>Qytetari:<\/strong>\u00a0Por sa koh\u00eb do t\u00eb zgjas\u00eb kjo?<\/span><\/p>\n<p><span style=\"color: #000000;\"><strong>Rama:<\/strong>\u00a0Nuk e di sa koh\u00eb do t\u00eb zgjas\u00eb rind\u00ebrtimi. Ne po k\u00ebrkojm\u00eb q\u00eb ata q\u00eb po b\u00ebjn\u00eb rind\u00ebrtimin t\u00eb b\u00ebjm\u00eb mermetim t\u00eb thell\u00eb. Jo t\u00eb b\u00ebjn\u00eb nj\u00eb mermetim q\u00eb t\u00eb bjer\u00eb muri prap.<\/span><\/p>\n<p><span style=\"color: #000000;\"><strong>Qytetari<\/strong>:\u00a0Nuk kan\u00eb ardhur t\u00eb verifikojn\u00eb banesat.<\/span><\/p>\n<p><span style=\"color: #000000;\"><strong>Rama:<\/strong>\u00a0Jan\u00eb b\u00ebr\u00eb me mij\u00ebra verifikime. T\u00eb gjitha do t\u00eb verifikohen. Kur t\u00eb t\u00eb vij\u00eb radha. N\u00ebse ke nj\u00eb ankes\u00eb dit\u00ebn e h\u00ebn\u00eb tek Bashkia b\u00ebhen listat.<\/span><\/p>\n<p><span style=\"color: #000000;\"><strong>Qytetari:<\/strong>\u00a0Deri tani nuk ka filluar asgj\u00eb. N\u00eb pallatin tim jan\u00eb futur koshat e plehrave brenda. E dyta po vidhen, edhe instalimet e pallatit.<\/span><\/p>\n<p><span style=\"color: #000000;\"><strong>Rama:<\/strong>\u00a0E para mos fol pa lidhje. Kur thua nuk ka filluar asgj\u00eb, e ke p\u00ebrball\u00eb q\u00eb po mbaron.<\/span><\/p>\n<p><span style=\"color: #000000;\"><strong>Qytetari:<\/strong>\u00a0E kemi p\u00ebr personale<\/span><\/p>\n<p><span style=\"color: #000000;\"><strong>Rama<\/strong>:\u00a0Nuk kemi aq njer\u00ebz dhe aq mund\u00ebsi se nuk ka asnj\u00eb shtet q\u00eb t\u00eb ket\u00eb persona aq sa ka apartamente. Ku rri ti?<\/span><\/p>\n<p><span style=\"color: #000000;\"><strong>Qytetari<\/strong>:\u00a0Tek zona e \u00a0plazhit me qera?<\/span><\/p>\n<p><span style=\"color: #000000;\"><strong>Rama:<\/strong>\u00a0Kush ta paguan?<\/span><\/p>\n<p><span style=\"color: #000000;\"><strong>Qytetari:<\/strong>\u00a0Nj\u00eb pjes\u00eb shteti nj\u00eb pjes\u00eb vet\u00eb<\/span><\/p>\n<p><span style=\"color: #000000;\"><strong>Rama:<\/strong>\u00a0Shum\u00eb mir\u00eb, ti do t\u00eb rrish me qera derisa t\u00eb t\u00eb vij\u00eb radha<\/span><\/p>\n<p><span style=\"color: #000000;\"><strong>Qytetari:<\/strong>\u00a0Po na vidhen instalimet elektrike<\/span><\/p>\n<p><span style=\"color: #000000;\"><strong>Rama<\/strong>:\u00a0L\u00ebri k\u00ebto instalimet elektrike tani, mos fol kot. Po na vidhen instalimet. Do t\u2019i gjesh t\u00eb b\u00ebra se nuk do t\u00eb k\u00ebrkoj\u00eb njeri.<\/span><\/p>\n<p><span style=\"color: #000000;\"><strong>Rama<\/strong>:\u00a0Instalimet do t\u00eb vendosen. Nuk do t\u2019i k\u00ebrkoj\u00eb njeri ty.<\/span><\/p>\n<p><span style=\"color: #000000;\"><strong>Qytetari:<\/strong>\u00a0Dua nj\u00eb zgjidhje imediate<\/span><\/p>\n<p><span style=\"color: #000000;\"><strong>Rama:<\/strong>\u00a0Nuk ka zgjidhje imediate. Nd\u00ebrtuesi nuk i fillon nd\u00ebrtimet pa i miratuar ne dhe pa standartet e k\u00ebrkuara.<\/span><\/p>\n<p><iframe loading=\"lazy\" style=\"border: none; overflow: hidden;\" src=\"https:\/\/www.facebook.com\/plugins\/video.php?href=https%3A%2F%2Fwww.facebook.com%2Fedirama.al%2Fvideos%2F2664950423737024%2F&amp;show_text=0&amp;width=560\" width=\"560\" height=\"315\" frameborder=\"0\" scrolling=\"no\" allowfullscreen=\"allowfullscreen\"><\/iframe><\/p>\n","protected":false,"gt_translate_keys":[{"key":"rendered","format":"html"}]},"excerpt":{"rendered":"<p>Gjat\u00eb vizit\u00ebs n\u00eb Durr\u00ebs p\u00ebr t\u00eb par\u00eb procesin e rind\u00ebrtimit pas t\u00ebrmetit t\u00eb 26 n\u00ebntorit, Kryeministri Edi Rama \u00ebsht\u00eb p\u00ebrplasur me qytetar\u00eb t\u00eb cil\u00ebt i k\u00ebrkuan llogari lidhur me strehimin e tyre. Qytetar\u00ebt zhvilluan nj\u00eb debat me kryeministrin, duke k\u00ebrkuar t\u00eb dijn\u00eb se kur do kthehen n\u00eb sht\u00ebpi. Debati: Qytetari:\u00a0Kryeminist\u00ebr kemi mbetur rrug\u00ebve. Si do [&hellip;]<\/p>\n","protected":false,"gt_translate_keys":[{"key":"rendered","format":"html"}]},"author":32,"featured_media":350702,"comment_status":"open","ping_status":"open","sticky":false,"template":"","format":"standard","meta":{"footnotes":""},"categories":[65,13],"tags":[],"class_list":["post-350701","post","type-post","status-publish","format-standard","has-post-thumbnail","hentry","category-lajme","category-te-fundit"],"gt_translate_keys":[{"key":"link","format":"url"}],"_links":{"self":[{"href":"https:\/\/www.hashtag.al\/index.php\/wp-json\/wp\/v2\/posts\/350701","targetHints":{"allow":["GET"]}}],"collection":[{"href":"https:\/\/www.hashtag.al\/index.php\/wp-json\/wp\/v2\/posts"}],"about":[{"href":"https:\/\/www.hashtag.al\/index.php\/wp-json\/wp\/v2\/types\/post"}],"author":[{"embeddable":true,"href":"https:\/\/www.hashtag.al\/index.php\/wp-json\/wp\/v2\/users\/32"}],"replies":[{"embeddable":true,"href":"https:\/\/www.hashtag.al\/index.php\/wp-json\/wp\/v2\/comments?post=350701"}],"version-history":[{"count":0,"href":"https:\/\/www.hashtag.al\/index.php\/wp-json\/wp\/v2\/posts\/350701\/revisions"}],"wp:featuredmedia":[{"embeddable":true,"href":"https:\/\/www.hashtag.al\/index.php\/wp-json\/wp\/v2\/media\/350702"}],"wp:attachment":[{"href":"https:\/\/www.hashtag.al\/index.php\/wp-json\/wp\/v2\/media?parent=350701"}],"wp:term":[{"taxonomy":"category","embeddable":true,"href":"https:\/\/www.hashtag.al\/index.php\/wp-json\/wp\/v2\/categories?post=350701"},{"taxonomy":"post_tag","embeddable":true,"href":"https:\/\/www.hashtag.al\/index.php\/wp-json\/wp\/v2\/tags?post=350701"}],"curies":[{"name":"wp","href":"https:\/\/api.w.org\/{rel}","templated":true}]}}