{"id":350569,"date":"2020-01-31T22:30:08","date_gmt":"2020-01-31T21:30:08","guid":{"rendered":"https:\/\/hashtag.al\/?p=350569"},"modified":"2020-01-31T22:30:08","modified_gmt":"2020-01-31T21:30:08","slug":"milan-zyrtarizon-huazimin-e-talentit-te-anderlecht","status":"publish","type":"post","link":"https:\/\/www.hashtag.al\/index.php\/2020\/01\/31\/milan-zyrtarizon-huazimin-e-talentit-te-anderlecht\/","title":{"rendered":"Milan zyrtarizon huazimin e talentit t\u00eb Anderlecht","gt_translate_keys":[{"key":"rendered","format":"text"}]},"content":{"rendered":"<p><img loading=\"lazy\" decoding=\"async\" class=\"aligncenter size-full wp-image-350570\" src=\"https:\/\/hashtag.al\/wp-content\/uploads\/2020\/01\/alexis-600x360.jpg\" alt=\"\" width=\"600\" height=\"360\" srcset=\"https:\/\/www.hashtag.al\/wp-content\/uploads\/2020\/01\/alexis-600x360.jpg 600w, https:\/\/www.hashtag.al\/wp-content\/uploads\/2020\/01\/alexis-600x360-300x180.jpg 300w\" sizes=\"auto, (max-width: 600px) 100vw, 600px\" \/><\/p>\n<p><span style=\"color: #000000;\">AC Milan ka zyrtarizuar transferimin e sulmuesit an\u00ebsor t\u00eb Belgjik\u00ebs Alexis Saelemaekers nga RSC Anderlecht n\u00eb huazim deri n\u00eb fund t\u00eb sezonit 2019\/20, me opsion blerjen<\/span><\/p>\n<p><span style=\"color: #000000;\">Saelemaekers ka lindur m\u00eb 27 qershor 1999, ku ka filluar karrier\u00ebn e tij n\u00eb akademin\u00eb e RSC Anderlecht para se t\u00eb b\u00ebj debutimin e tij me skuadr\u00ebn e par\u00eb m\u00eb 16 shkurt t\u00eb vitit 2018 kund\u00ebr Sint-Truidense VV.<\/span><\/p>\n<p><span style=\"color: #000000;\">Ai ka sh\u00ebnuar dy gola n\u00eb 57 paraqitje. M\u00eb 2018, Alexis ishte ftuar edhe p\u00ebr skuadr\u00ebn U21 t\u00eb Belgjik\u00ebs ku kishte debutuar m\u00eb 7 shtator n\u00eb kampionatin e grupmoshave U-21 kund\u00ebr Malt\u00ebs.<\/span><\/p>\n<p><span style=\"color: #000000;\">Alexis do ti bashkohet skuadr\u00ebs s\u00eb Milan nes\u00ebr por para mediave do t\u00eb prezantohet t\u00eb mart\u00ebn, m\u00eb 4 shkurt.<\/span><\/p>\n<p>&nbsp;<\/p>\n","protected":false,"gt_translate_keys":[{"key":"rendered","format":"html"}]},"excerpt":{"rendered":"<p>AC Milan ka zyrtarizuar transferimin e sulmuesit an\u00ebsor t\u00eb Belgjik\u00ebs Alexis Saelemaekers nga RSC Anderlecht n\u00eb huazim deri n\u00eb fund t\u00eb sezonit 2019\/20, me opsion blerjen Saelemaekers ka lindur m\u00eb 27 qershor 1999, ku ka filluar karrier\u00ebn e tij n\u00eb akademin\u00eb e RSC Anderlecht para se t\u00eb b\u00ebj debutimin e tij me skuadr\u00ebn e par\u00eb [&hellip;]<\/p>\n","protected":false,"gt_translate_keys":[{"key":"rendered","format":"html"}]},"author":32,"featured_media":350570,"comment_status":"open","ping_status":"open","sticky":false,"template":"","format":"standard","meta":{"footnotes":""},"categories":[134,13],"tags":[],"class_list":["post-350569","post","type-post","status-publish","format-standard","has-post-thumbnail","hentry","category-sport","category-te-fundit"],"gt_translate_keys":[{"key":"link","format":"url"}],"_links":{"self":[{"href":"https:\/\/www.hashtag.al\/index.php\/wp-json\/wp\/v2\/posts\/350569","targetHints":{"allow":["GET"]}}],"collection":[{"href":"https:\/\/www.hashtag.al\/index.php\/wp-json\/wp\/v2\/posts"}],"about":[{"href":"https:\/\/www.hashtag.al\/index.php\/wp-json\/wp\/v2\/types\/post"}],"author":[{"embeddable":true,"href":"https:\/\/www.hashtag.al\/index.php\/wp-json\/wp\/v2\/users\/32"}],"replies":[{"embeddable":true,"href":"https:\/\/www.hashtag.al\/index.php\/wp-json\/wp\/v2\/comments?post=350569"}],"version-history":[{"count":0,"href":"https:\/\/www.hashtag.al\/index.php\/wp-json\/wp\/v2\/posts\/350569\/revisions"}],"wp:featuredmedia":[{"embeddable":true,"href":"https:\/\/www.hashtag.al\/index.php\/wp-json\/wp\/v2\/media\/350570"}],"wp:attachment":[{"href":"https:\/\/www.hashtag.al\/index.php\/wp-json\/wp\/v2\/media?parent=350569"}],"wp:term":[{"taxonomy":"category","embeddable":true,"href":"https:\/\/www.hashtag.al\/index.php\/wp-json\/wp\/v2\/categories?post=350569"},{"taxonomy":"post_tag","embeddable":true,"href":"https:\/\/www.hashtag.al\/index.php\/wp-json\/wp\/v2\/tags?post=350569"}],"curies":[{"name":"wp","href":"https:\/\/api.w.org\/{rel}","templated":true}]}}