{"id":350250,"date":"2020-01-30T13:56:35","date_gmt":"2020-01-30T12:56:35","guid":{"rendered":"https:\/\/hashtag.al\/?p=350250"},"modified":"2020-01-30T13:56:35","modified_gmt":"2020-01-30T12:56:35","slug":"shtyrja-e-paketes-antishpifje-albana-vokshi-kauza-jone-e-drejte-fitoi-nje-beteje-mund-tja-dalim","status":"publish","type":"post","link":"https:\/\/www.hashtag.al\/index.php\/2020\/01\/30\/shtyrja-e-paketes-antishpifje-albana-vokshi-kauza-jone-e-drejte-fitoi-nje-beteje-mund-tja-dalim\/","title":{"rendered":"Shtyrja e &#8216;Paket\u00ebs Antishpifje&#8217;, Albana Vokshi: Kauza jon\u00eb e drejt\u00eb fitoi nj\u00eb betej\u00eb, mund t&#8217;ja dalim","gt_translate_keys":[{"key":"rendered","format":"text"}]},"content":{"rendered":"<p><span style=\"color: #000000;\"><a href=\"https:\/\/hashtag.al\/wp-content\/uploads\/2019\/07\/vokshi14korrik.jpg\"><img loading=\"lazy\" decoding=\"async\" class=\"aligncenter size-full wp-image-310168\" src=\"https:\/\/hashtag.al\/wp-content\/uploads\/2019\/07\/vokshi14korrik.jpg\" alt=\"\" width=\"884\" height=\"532\" srcset=\"https:\/\/www.hashtag.al\/wp-content\/uploads\/2019\/07\/vokshi14korrik.jpg 884w, https:\/\/www.hashtag.al\/wp-content\/uploads\/2019\/07\/vokshi14korrik-300x181.jpg 300w, https:\/\/www.hashtag.al\/wp-content\/uploads\/2019\/07\/vokshi14korrik-768x462.jpg 768w\" sizes=\"auto, (max-width: 884px) 100vw, 884px\" \/><\/a><\/span><\/p>\n<p><span style=\"color: #000000;\">Partia Demokratike ka reaguar pas vendimit t\u00eb Kuvendit p\u00ebr t\u00eb shtyr\u00eb votimin p\u00ebr dekretin e Presidentit p\u00ebr paket\u00ebn anti-shpifje.<\/span><\/p>\n<p><span style=\"color: #000000;\">Ish-deputetja demokrate Albana Vokshi e ka cil\u00ebsuar k\u00ebt\u00eb si fitore t\u00eb fjal\u00ebs s\u00eb lir\u00eb.<\/span><\/p>\n<p><em><span style=\"color: #000000;\">&#8220;Fitoi fjala e lir\u00eb. Edi Rama u betua p\u00ebr jav\u00eb me rradh\u00eb q\u00eb do t\u00eb votoj\u00eb n\u00eb parlament paket\u00ebn e censur\u00ebs kund\u00ebr medias online. Nuk la njeri pa kapur, gur pa l\u00ebvizur, por d\u00ebshtoi. U t\u00ebrhoq sot nga votimit pa i shkuar deri n\u00eb fund nism\u00ebs antikushtetuese, kund\u00ebr t\u00eb cil\u00ebs kan\u00eb dal\u00eb kund\u00ebr gazetar\u00ebt, opozita, Komisioni Europian, K\u00ebshilli i Europ\u00ebs, OSBE-ja.<\/span><\/em><\/p>\n<p><span style=\"color: #000000;\"><em>St\u00ebrbetimet se do t\u00eb rr\u00ebzojn\u00eb dekretin e Presidentit q\u00eb ktheu ligjin antikushtetues, p\u00ebrfunduan si propagand\u00eb boshe. \u00a0Kauza jon\u00eb e drejt\u00eb fitoi nj\u00eb betej\u00eb. Edi Rama nuk e kaloi ligjin q\u00eb k\u00ebrc\u00ebnon gazetar\u00ebt me burg dhe median online me mbyllje dhe gjoba. \u00a0Pushteti i Edi Ram\u00ebs po shk\u00ebrrmoqet dita dit\u00ebs. T\u00eb gjith\u00eb bashk\u00eb, ne mund t\u2019ia dalim t\u00eb ruajm\u00eb lirit\u00eb tona, lirin\u00eb e shprehjes, lirin\u00eb e vot\u00ebs, lirin\u00eb zgjedhjes&#8221;<\/em> &#8211; shkruan Vokshi.<\/span><\/p>\n<p><span style=\"color: #000000;\">Vendimi i maxhoranc\u00ebs u p\u00ebrsh\u00ebndet m\u00eb her\u00ebt edhe nga presidenti i vendit Ilir Meta, i cili e konsideroi nj\u00eb hap pozitiv n\u00eb reflektimin p\u00ebr nj\u00eb q\u00ebllim m\u00eb t\u00eb madh t\u00eb p\u00ebrbashk\u00ebt.<\/span><\/p>\n<p><span style=\"color: #000000;\">Ambasadori i Bashkimit Evropian n\u00eb vendin ton\u00eb, Luigi Soreca, tha gjithashtu se e mir\u00ebpret vendimin e maxhoranc\u00ebs p\u00ebr t\u00eb shtyr\u00eb votimin e t\u00eb ashtuquajt\u00ebs \u201cPaketes Antishpifje\u201d, n\u00eb pritje t\u00eb opinionit nga Komisioni i Venecias. Nd\u00ebrsa u b\u00ebri thirrje autoriteve t\u00eb adresojn\u00eb shqet\u00ebsimet e mbetura t\u00eb organizatave t\u00eb mediave dhe komunitetit nd\u00ebrkomb\u00ebtar.<\/span><\/p>\n","protected":false,"gt_translate_keys":[{"key":"rendered","format":"html"}]},"excerpt":{"rendered":"<p>Partia Demokratike ka reaguar pas vendimit t\u00eb Kuvendit p\u00ebr t\u00eb shtyr\u00eb votimin p\u00ebr dekretin e Presidentit p\u00ebr paket\u00ebn anti-shpifje. Ish-deputetja demokrate Albana Vokshi e ka cil\u00ebsuar k\u00ebt\u00eb si fitore t\u00eb fjal\u00ebs s\u00eb lir\u00eb. &#8220;Fitoi fjala e lir\u00eb. Edi Rama u betua p\u00ebr jav\u00eb me rradh\u00eb q\u00eb do t\u00eb votoj\u00eb n\u00eb parlament paket\u00ebn e censur\u00ebs kund\u00ebr [&hellip;]<\/p>\n","protected":false,"gt_translate_keys":[{"key":"rendered","format":"html"}]},"author":30,"featured_media":310168,"comment_status":"open","ping_status":"open","sticky":false,"template":"","format":"standard","meta":{"footnotes":""},"categories":[65,13],"tags":[],"class_list":["post-350250","post","type-post","status-publish","format-standard","has-post-thumbnail","hentry","category-lajme","category-te-fundit"],"gt_translate_keys":[{"key":"link","format":"url"}],"_links":{"self":[{"href":"https:\/\/www.hashtag.al\/index.php\/wp-json\/wp\/v2\/posts\/350250","targetHints":{"allow":["GET"]}}],"collection":[{"href":"https:\/\/www.hashtag.al\/index.php\/wp-json\/wp\/v2\/posts"}],"about":[{"href":"https:\/\/www.hashtag.al\/index.php\/wp-json\/wp\/v2\/types\/post"}],"author":[{"embeddable":true,"href":"https:\/\/www.hashtag.al\/index.php\/wp-json\/wp\/v2\/users\/30"}],"replies":[{"embeddable":true,"href":"https:\/\/www.hashtag.al\/index.php\/wp-json\/wp\/v2\/comments?post=350250"}],"version-history":[{"count":0,"href":"https:\/\/www.hashtag.al\/index.php\/wp-json\/wp\/v2\/posts\/350250\/revisions"}],"wp:featuredmedia":[{"embeddable":true,"href":"https:\/\/www.hashtag.al\/index.php\/wp-json\/wp\/v2\/media\/310168"}],"wp:attachment":[{"href":"https:\/\/www.hashtag.al\/index.php\/wp-json\/wp\/v2\/media?parent=350250"}],"wp:term":[{"taxonomy":"category","embeddable":true,"href":"https:\/\/www.hashtag.al\/index.php\/wp-json\/wp\/v2\/categories?post=350250"},{"taxonomy":"post_tag","embeddable":true,"href":"https:\/\/www.hashtag.al\/index.php\/wp-json\/wp\/v2\/tags?post=350250"}],"curies":[{"name":"wp","href":"https:\/\/api.w.org\/{rel}","templated":true}]}}