{"id":350132,"date":"2020-01-29T20:56:57","date_gmt":"2020-01-29T19:56:57","guid":{"rendered":"https:\/\/hashtag.al\/?p=350132"},"modified":"2020-01-29T20:56:57","modified_gmt":"2020-01-29T19:56:57","slug":"moti-i-keq-shkakton-defekt-ne-sistemin-elektrik-disa-zona-ne-tirane-pa-energji","status":"publish","type":"post","link":"https:\/\/www.hashtag.al\/index.php\/2020\/01\/29\/moti-i-keq-shkakton-defekt-ne-sistemin-elektrik-disa-zona-ne-tirane-pa-energji\/","title":{"rendered":"Moti i keq shkakton defekt n\u00eb sistemin elektrik, disa zona n\u00eb Tiran\u00eb pa energji","gt_translate_keys":[{"key":"rendered","format":"text"}]},"content":{"rendered":"<p><img loading=\"lazy\" decoding=\"async\" class=\"aligncenter size-full wp-image-350133\" src=\"https:\/\/hashtag.al\/wp-content\/uploads\/2020\/01\/qiri.jpg\" alt=\"\" width=\"650\" height=\"358\" srcset=\"https:\/\/www.hashtag.al\/wp-content\/uploads\/2020\/01\/qiri.jpg 650w, https:\/\/www.hashtag.al\/wp-content\/uploads\/2020\/01\/qiri-300x165.jpg 300w\" sizes=\"auto, (max-width: 650px) 100vw, 650px\" \/><\/p>\n<p><span style=\"color: #000000;\">Tirana \u00ebsht\u00eb p\u00ebrfshir\u00eb nga terri k\u00ebt\u00eb mbr\u00ebmje, kur zona t\u00eb t\u00ebra kan\u00eb mbetur pa energji.<\/span><\/p>\n<p><span style=\"color: #000000;\">Shkak m\u00ebsohet se \u00ebsht\u00eb b\u00ebr\u00eb nj\u00eb defekt si pasoj\u00eb e motit t\u00eb keq.<\/span><\/p>\n<p><span style=\"color: #000000;\">\u00a0Zonat q\u00eb mbet\u00ebn pa energji jane \u2018Komuna e Parisit\u2019, \u2018Muhamet Gjollesha\u2019, \u201821 dhjetori\u2019, Rruga e Kavaj\u00ebs, \u00a0Bulevardi \u2018Bajarm Curri\u2019, Selita dhe zona e Astirit.<\/span><\/p>\n<p><span style=\"color: #000000;\">Ne disa prej zonave energjia \u00ebsht\u00eb rikthyer, ne disa te tjera ende.<\/span><\/p>\n","protected":false,"gt_translate_keys":[{"key":"rendered","format":"html"}]},"excerpt":{"rendered":"<p>Tirana \u00ebsht\u00eb p\u00ebrfshir\u00eb nga terri k\u00ebt\u00eb mbr\u00ebmje, kur zona t\u00eb t\u00ebra kan\u00eb mbetur pa energji. Shkak m\u00ebsohet se \u00ebsht\u00eb b\u00ebr\u00eb nj\u00eb defekt si pasoj\u00eb e motit t\u00eb keq. \u00a0Zonat q\u00eb mbet\u00ebn pa energji jane \u2018Komuna e Parisit\u2019, \u2018Muhamet Gjollesha\u2019, \u201821 dhjetori\u2019, Rruga e Kavaj\u00ebs, \u00a0Bulevardi \u2018Bajarm Curri\u2019, Selita dhe zona e Astirit. Ne disa prej [&hellip;]<\/p>\n","protected":false,"gt_translate_keys":[{"key":"rendered","format":"html"}]},"author":32,"featured_media":350133,"comment_status":"open","ping_status":"open","sticky":false,"template":"","format":"standard","meta":{"footnotes":""},"categories":[65,13],"tags":[],"class_list":["post-350132","post","type-post","status-publish","format-standard","has-post-thumbnail","hentry","category-lajme","category-te-fundit"],"gt_translate_keys":[{"key":"link","format":"url"}],"_links":{"self":[{"href":"https:\/\/www.hashtag.al\/index.php\/wp-json\/wp\/v2\/posts\/350132","targetHints":{"allow":["GET"]}}],"collection":[{"href":"https:\/\/www.hashtag.al\/index.php\/wp-json\/wp\/v2\/posts"}],"about":[{"href":"https:\/\/www.hashtag.al\/index.php\/wp-json\/wp\/v2\/types\/post"}],"author":[{"embeddable":true,"href":"https:\/\/www.hashtag.al\/index.php\/wp-json\/wp\/v2\/users\/32"}],"replies":[{"embeddable":true,"href":"https:\/\/www.hashtag.al\/index.php\/wp-json\/wp\/v2\/comments?post=350132"}],"version-history":[{"count":0,"href":"https:\/\/www.hashtag.al\/index.php\/wp-json\/wp\/v2\/posts\/350132\/revisions"}],"wp:featuredmedia":[{"embeddable":true,"href":"https:\/\/www.hashtag.al\/index.php\/wp-json\/wp\/v2\/media\/350133"}],"wp:attachment":[{"href":"https:\/\/www.hashtag.al\/index.php\/wp-json\/wp\/v2\/media?parent=350132"}],"wp:term":[{"taxonomy":"category","embeddable":true,"href":"https:\/\/www.hashtag.al\/index.php\/wp-json\/wp\/v2\/categories?post=350132"},{"taxonomy":"post_tag","embeddable":true,"href":"https:\/\/www.hashtag.al\/index.php\/wp-json\/wp\/v2\/tags?post=350132"}],"curies":[{"name":"wp","href":"https:\/\/api.w.org\/{rel}","templated":true}]}}