{"id":350107,"date":"2020-01-29T18:10:59","date_gmt":"2020-01-29T17:10:59","guid":{"rendered":"https:\/\/hashtag.al\/?p=350107"},"modified":"2020-01-29T18:10:59","modified_gmt":"2020-01-29T17:10:59","slug":"ndryshime-ne-qeveri-largohet-zv-ministri-i-financave-dhe-ekonomise","status":"publish","type":"post","link":"https:\/\/www.hashtag.al\/index.php\/2020\/01\/29\/ndryshime-ne-qeveri-largohet-zv-ministri-i-financave-dhe-ekonomise\/","title":{"rendered":"Ndryshime n\u00eb qeveri, largohet zv.ministri i Financave dhe Ekonomis\u00eb","gt_translate_keys":[{"key":"rendered","format":"text"}]},"content":{"rendered":"<p><img loading=\"lazy\" decoding=\"async\" class=\"aligncenter size-full wp-image-350108\" src=\"https:\/\/hashtag.al\/wp-content\/uploads\/2020\/01\/1580313817_erjonluci.jpg\" alt=\"\" width=\"780\" height=\"440\" srcset=\"https:\/\/www.hashtag.al\/wp-content\/uploads\/2020\/01\/1580313817_erjonluci.jpg 780w, https:\/\/www.hashtag.al\/wp-content\/uploads\/2020\/01\/1580313817_erjonluci-300x169.jpg 300w, https:\/\/www.hashtag.al\/wp-content\/uploads\/2020\/01\/1580313817_erjonluci-768x433.jpg 768w\" sizes=\"auto, (max-width: 780px) 100vw, 780px\" \/><\/p>\n<p><span style=\"color: #000000;\">K\u00ebshilli i Ministrave me firmn\u00eb t\u00eb zv.kryeministrit ka liruar nga detyra\u00a0 zv.ministrin e Financave dhe Ekonomis\u00eb Erjon Lu\u00e7i.<\/span><\/p>\n<p><span style=\"color: #000000;\">\u201c<em>N\u00eb mb\u00ebshtetje t\u00eb nenit 100 t\u00eb Kushtetut\u00ebs dhe t\u00eb pik\u00ebs 2, t\u00eb nenit 6, t\u00eb ligjit nr.9000, dat\u00eb 30.1.2003, \u201cP\u00ebr organizimin dhe funksionimin e K\u00ebshillit t\u00eb Ministrave\u201d, me propozimin e Kryeministrit, K\u00ebshilli i Ministrave vendosi Z. Erjon Lu\u00e7i, z\u00ebvend\u00ebsminist\u00ebr i Financave dhe Ekonomis\u00eb, t\u00eb lirohet nga kjo detyr\u00eb. Ky vendim hyn n\u00eb fuqi menj\u00ebher\u00eb.\u201d-<\/em>thuhet n\u00eb vendimin e K\u00ebshillit t\u00eb Ministrave<\/span><\/p>\n<p><img loading=\"lazy\" decoding=\"async\" class=\"aligncenter size-full wp-image-350109\" src=\"https:\/\/hashtag.al\/wp-content\/uploads\/2020\/01\/auto_ve11580317151.png\" alt=\"\" width=\"900\" height=\"393\" srcset=\"https:\/\/www.hashtag.al\/wp-content\/uploads\/2020\/01\/auto_ve11580317151.png 900w, https:\/\/www.hashtag.al\/wp-content\/uploads\/2020\/01\/auto_ve11580317151-300x131.png 300w, https:\/\/www.hashtag.al\/wp-content\/uploads\/2020\/01\/auto_ve11580317151-768x335.png 768w\" sizes=\"auto, (max-width: 900px) 100vw, 900px\" \/><\/p>\n","protected":false,"gt_translate_keys":[{"key":"rendered","format":"html"}]},"excerpt":{"rendered":"<p>K\u00ebshilli i Ministrave me firmn\u00eb t\u00eb zv.kryeministrit ka liruar nga detyra\u00a0 zv.ministrin e Financave dhe Ekonomis\u00eb Erjon Lu\u00e7i. \u201cN\u00eb mb\u00ebshtetje t\u00eb nenit 100 t\u00eb Kushtetut\u00ebs dhe t\u00eb pik\u00ebs 2, t\u00eb nenit 6, t\u00eb ligjit nr.9000, dat\u00eb 30.1.2003, \u201cP\u00ebr organizimin dhe funksionimin e K\u00ebshillit t\u00eb Ministrave\u201d, me propozimin e Kryeministrit, K\u00ebshilli i Ministrave vendosi Z. Erjon [&hellip;]<\/p>\n","protected":false,"gt_translate_keys":[{"key":"rendered","format":"html"}]},"author":32,"featured_media":350108,"comment_status":"open","ping_status":"open","sticky":false,"template":"","format":"standard","meta":{"footnotes":""},"categories":[65,13],"tags":[],"class_list":["post-350107","post","type-post","status-publish","format-standard","has-post-thumbnail","hentry","category-lajme","category-te-fundit"],"gt_translate_keys":[{"key":"link","format":"url"}],"_links":{"self":[{"href":"https:\/\/www.hashtag.al\/index.php\/wp-json\/wp\/v2\/posts\/350107","targetHints":{"allow":["GET"]}}],"collection":[{"href":"https:\/\/www.hashtag.al\/index.php\/wp-json\/wp\/v2\/posts"}],"about":[{"href":"https:\/\/www.hashtag.al\/index.php\/wp-json\/wp\/v2\/types\/post"}],"author":[{"embeddable":true,"href":"https:\/\/www.hashtag.al\/index.php\/wp-json\/wp\/v2\/users\/32"}],"replies":[{"embeddable":true,"href":"https:\/\/www.hashtag.al\/index.php\/wp-json\/wp\/v2\/comments?post=350107"}],"version-history":[{"count":0,"href":"https:\/\/www.hashtag.al\/index.php\/wp-json\/wp\/v2\/posts\/350107\/revisions"}],"wp:featuredmedia":[{"embeddable":true,"href":"https:\/\/www.hashtag.al\/index.php\/wp-json\/wp\/v2\/media\/350108"}],"wp:attachment":[{"href":"https:\/\/www.hashtag.al\/index.php\/wp-json\/wp\/v2\/media?parent=350107"}],"wp:term":[{"taxonomy":"category","embeddable":true,"href":"https:\/\/www.hashtag.al\/index.php\/wp-json\/wp\/v2\/categories?post=350107"},{"taxonomy":"post_tag","embeddable":true,"href":"https:\/\/www.hashtag.al\/index.php\/wp-json\/wp\/v2\/tags?post=350107"}],"curies":[{"name":"wp","href":"https:\/\/api.w.org\/{rel}","templated":true}]}}