{"id":350007,"date":"2020-01-29T11:22:59","date_gmt":"2020-01-29T10:22:59","guid":{"rendered":"https:\/\/hashtag.al\/?p=350007"},"modified":"2020-01-29T11:22:59","modified_gmt":"2020-01-29T10:22:59","slug":"rama-informon-nga-rruget-e-brukselit-per-takimin-me-von-der-leyen-plani-i-saj-shkon-pertej-konferences-se-donatoreve","status":"publish","type":"post","link":"https:\/\/www.hashtag.al\/index.php\/2020\/01\/29\/rama-informon-nga-rruget-e-brukselit-per-takimin-me-von-der-leyen-plani-i-saj-shkon-pertej-konferences-se-donatoreve\/","title":{"rendered":"Rama informon nga rrug\u00ebt e Brukselit p\u00ebr takimin me Von der Leyen: Plani i saj shkon p\u00ebrtej Konferenc\u00ebs s\u00eb Donator\u00ebve","gt_translate_keys":[{"key":"rendered","format":"text"}]},"content":{"rendered":"<p><a href=\"https:\/\/hashtag.al\/wp-content\/uploads\/2020\/01\/rama-4.jpg\"><img loading=\"lazy\" decoding=\"async\" class=\"aligncenter size-full wp-image-350008\" src=\"https:\/\/hashtag.al\/wp-content\/uploads\/2020\/01\/rama-4.jpg\" alt=\"\" width=\"770\" height=\"438\" srcset=\"https:\/\/www.hashtag.al\/wp-content\/uploads\/2020\/01\/rama-4.jpg 770w, https:\/\/www.hashtag.al\/wp-content\/uploads\/2020\/01\/rama-4-300x171.jpg 300w, https:\/\/www.hashtag.al\/wp-content\/uploads\/2020\/01\/rama-4-768x437.jpg 768w\" sizes=\"auto, (max-width: 770px) 100vw, 770px\" \/><\/a><\/p>\n<p><span style=\"color: #000000;\">Kryeministri Edi Rama ka komentuar takimin\u00a0 q\u00eb ka patur nj\u00eb dit\u00eb m\u00eb par\u00eb me presidenten e Komisionit Europian, Ursula von der Leyen.<\/span><\/p>\n<p><span style=\"color: #000000;\">Duke ecur n\u00eb rrug\u00ebt e Brukselit, Rama tha se plani i Von der Leyen p\u00ebr Konferenc\u00ebn e Donator\u00ebve nuk shkon deri n\u00eb 17 shkurt, por edhe m\u00eb tej.<\/span><\/p>\n<p><em><span style=\"color: #000000;\">\u201dDje takuam Ursula von der Leyen, nj\u00eb zonj\u00eb me karrir\u00eb t\u00eb admirueshme dhe njohjen e \u00e7\u00ebshtjeve europiane. Na mund\u00ebsoi nj\u00eb bashk\u00ebbisedim t\u00eb hapur q\u00eb zgjati dy or\u00eb e ca. Vizita kishte n\u00eb thelb adresimin e probelmatik\u00ebs s\u00eb pas t\u00eb\u00ebrmetit dhe fokus Konferenc\u00ebn e Donator\u00ebve t\u00eb thirrut nga ajo. <\/span><\/em><\/p>\n<p><em><span style=\"color: #000000;\">Ishte nj\u00eb bised\u00eb q\u00eb kishte nj\u00eb pjes\u00eb informative dhe ne informuam p\u00ebr t\u00eb gjitha aspektet e pun\u00ebs ton\u00eb p\u00ebr trajtimin e past\u00ebrmetit, nga trajtimi i familjeve, tek raporti i d\u00ebmeve, masterplani i Rind\u00ebrtimit dhe t\u00eb gjitha planet vendore, kalendari i k\u00ebtij procesi dhe plani yn\u00eb i financimit t\u00eb k\u00ebtij plani masiv q\u00eb po t\u00eb shohim d\u00ebmet i tejkalon mund\u00ebsit\u00eb tona. Takimi i mbr\u00ebmsh\u00ebm ishte konfirmim i mb\u00ebshtetjes s\u00eb operacionit t\u00eb Rind\u00ebrtimit. Serioziteti i Konferenc\u00ebs s\u00eb Donator\u00ebve \u00ebsht\u00eb maksimal pavar\u00ebsisht se ne e dim\u00eb se shuma e mundshme q\u00eb ne mund t\u00eb mbledhim n\u00eb at\u00eb konferenc\u00eb nuk do t\u00eb p\u00ebrmbush\u00eb dot t\u00eb gjitha nevojat.<\/span><\/em><\/p>\n<p><em><span style=\"color: #000000;\">Plani i von der Leyen shkon m\u00eb tej. Do t\u00eb vazhdojm\u00eb t\u00eb punojm\u00eb s\u00eb bashku, ndam\u00eb me t\u00eb dhe idet\u00eb e financimit t\u00eb rind\u00ebrtimit.<\/span><\/em><\/p>\n<p><span style=\"color: #000000;\"><em>Kaluam m\u00eb pas n\u00eb tem\u00ebn e saj t\u00eb preferuar p\u00ebr p\u00ebrshpejtimin e \u00e7eljes s\u00eb negociatave.\u201d-<\/em> tha Rama.<\/span><\/p>\n<p><span style=\"color: #000000;\">Sipas kryeministrit, presidentja e KE-s\u00eb ka nj\u00eb strategji konkrete lidhur me hapjen e negociatave p\u00ebr Shqip\u00ebrin\u00eb.<\/span><\/p>\n<p><span style=\"color: #000000;\"><em>\u201cPresidentja e KE ka nj\u00eb strategji konkrete p\u00ebr objektivin e \u00e7eljes s\u00eb negociatave. Nd\u00ebrkoh\u00eb \u00ebsht\u00eb kaq e sigurt\u00eb se fati i vendimit mbi \u00e7eljen e negociatave do t\u00eb varet nga ecuria e debatit t\u00eb brendsh\u00ebm t\u00eb BE mbi vet\u00ebveten dhe t\u00eb ardhmen e \u00a0gjith\u00eb procesit t\u00eb zgjerimit.\u201d-<\/em> thot\u00eb Rama.<\/span><\/p>\n<p><span style=\"color: #000000;\">Sipas tij, Presidentja e KE-s\u00eb mb\u00ebshtet dhe planin p\u00ebr Shengenin Rajonal.<\/span><\/p>\n","protected":false,"gt_translate_keys":[{"key":"rendered","format":"html"}]},"excerpt":{"rendered":"<p>Kryeministri Edi Rama ka komentuar takimin\u00a0 q\u00eb ka patur nj\u00eb dit\u00eb m\u00eb par\u00eb me presidenten e Komisionit Europian, Ursula von der Leyen. Duke ecur n\u00eb rrug\u00ebt e Brukselit, Rama tha se plani i Von der Leyen p\u00ebr Konferenc\u00ebn e Donator\u00ebve nuk shkon deri n\u00eb 17 shkurt, por edhe m\u00eb tej. \u201dDje takuam Ursula von der [&hellip;]<\/p>\n","protected":false,"gt_translate_keys":[{"key":"rendered","format":"html"}]},"author":30,"featured_media":350008,"comment_status":"open","ping_status":"open","sticky":false,"template":"","format":"standard","meta":{"footnotes":""},"categories":[65,13],"tags":[],"class_list":["post-350007","post","type-post","status-publish","format-standard","has-post-thumbnail","hentry","category-lajme","category-te-fundit"],"gt_translate_keys":[{"key":"link","format":"url"}],"_links":{"self":[{"href":"https:\/\/www.hashtag.al\/index.php\/wp-json\/wp\/v2\/posts\/350007","targetHints":{"allow":["GET"]}}],"collection":[{"href":"https:\/\/www.hashtag.al\/index.php\/wp-json\/wp\/v2\/posts"}],"about":[{"href":"https:\/\/www.hashtag.al\/index.php\/wp-json\/wp\/v2\/types\/post"}],"author":[{"embeddable":true,"href":"https:\/\/www.hashtag.al\/index.php\/wp-json\/wp\/v2\/users\/30"}],"replies":[{"embeddable":true,"href":"https:\/\/www.hashtag.al\/index.php\/wp-json\/wp\/v2\/comments?post=350007"}],"version-history":[{"count":0,"href":"https:\/\/www.hashtag.al\/index.php\/wp-json\/wp\/v2\/posts\/350007\/revisions"}],"wp:featuredmedia":[{"embeddable":true,"href":"https:\/\/www.hashtag.al\/index.php\/wp-json\/wp\/v2\/media\/350008"}],"wp:attachment":[{"href":"https:\/\/www.hashtag.al\/index.php\/wp-json\/wp\/v2\/media?parent=350007"}],"wp:term":[{"taxonomy":"category","embeddable":true,"href":"https:\/\/www.hashtag.al\/index.php\/wp-json\/wp\/v2\/categories?post=350007"},{"taxonomy":"post_tag","embeddable":true,"href":"https:\/\/www.hashtag.al\/index.php\/wp-json\/wp\/v2\/tags?post=350007"}],"curies":[{"name":"wp","href":"https:\/\/api.w.org\/{rel}","templated":true}]}}