{"id":349390,"date":"2020-01-26T20:23:51","date_gmt":"2020-01-26T19:23:51","guid":{"rendered":"https:\/\/hashtag.al\/?p=349390"},"modified":"2020-01-26T20:14:01","modified_gmt":"2020-01-26T19:14:01","slug":"ndahen-ne-paqe-roma-e-lazio-ruajne-vendet-ne-renditje","status":"publish","type":"post","link":"https:\/\/www.hashtag.al\/index.php\/2020\/01\/26\/ndahen-ne-paqe-roma-e-lazio-ruajne-vendet-ne-renditje\/","title":{"rendered":"Ndahen n\u00eb paqe Roma e Lazio, ruajn\u00eb vendet n\u00eb renditje","gt_translate_keys":[{"key":"rendered","format":"text"}]},"content":{"rendered":"<p><img loading=\"lazy\" decoding=\"async\" class=\"aligncenter size-full wp-image-349392\" src=\"https:\/\/hashtag.al\/wp-content\/uploads\/2020\/01\/romalazio-1.jpg\" alt=\"\" width=\"1200\" height=\"798\" srcset=\"https:\/\/www.hashtag.al\/wp-content\/uploads\/2020\/01\/romalazio-1.jpg 1200w, https:\/\/www.hashtag.al\/wp-content\/uploads\/2020\/01\/romalazio-1-300x200.jpg 300w, https:\/\/www.hashtag.al\/wp-content\/uploads\/2020\/01\/romalazio-1-768x511.jpg 768w, https:\/\/www.hashtag.al\/wp-content\/uploads\/2020\/01\/romalazio-1-1024x681.jpg 1024w\" sizes=\"auto, (max-width: 1200px) 100vw, 1200px\" \/><\/p>\n<p><span style=\"color: #000000;\">Ka p\u00ebrfunduar n\u00eb barazim derbi i Rom\u00ebs. T\u00eb par\u00ebt q\u00eb kaluan n\u00eb avantazh ishin verdhekuqt\u00eb me an\u00eb t\u00eb boshnjakut Dzeko n\u00eb minut\u00ebn e 26-t\u00eb. <\/span><\/p>\n<p><span style=\"color: #000000;\">Megjithat\u00eb g\u00ebzimi i prit\u00ebsve ka zgjatur vet\u00ebm pak pasi Acerbi ka barazuar p\u00ebr lacial\u00ebt tet\u00eb minuta m\u00eb von\u00eb. Rezultati mbeti i pandryshuar deri n\u00eb fund pavar\u00ebsisht rasteve t\u00eb ekipeve respektive. <\/span><\/p>\n<p><span style=\"color: #000000;\">Me k\u00ebt\u00eb barazim Roma e Lazio ruajn\u00eb vendet n\u00eb renditje, respektivisht at\u00eb t\u00eb pest\u00eb e t\u00eb tret\u00eb.<\/span><\/p>\n","protected":false,"gt_translate_keys":[{"key":"rendered","format":"html"}]},"excerpt":{"rendered":"<p>Ka p\u00ebrfunduar n\u00eb barazim derbi i Rom\u00ebs. T\u00eb par\u00ebt q\u00eb kaluan n\u00eb avantazh ishin verdhekuqt\u00eb me an\u00eb t\u00eb boshnjakut Dzeko n\u00eb minut\u00ebn e 26-t\u00eb. Megjithat\u00eb g\u00ebzimi i prit\u00ebsve ka zgjatur vet\u00ebm pak pasi Acerbi ka barazuar p\u00ebr lacial\u00ebt tet\u00eb minuta m\u00eb von\u00eb. Rezultati mbeti i pandryshuar deri n\u00eb fund pavar\u00ebsisht rasteve t\u00eb ekipeve respektive. Me [&hellip;]<\/p>\n","protected":false,"gt_translate_keys":[{"key":"rendered","format":"html"}]},"author":51,"featured_media":349392,"comment_status":"open","ping_status":"open","sticky":false,"template":"","format":"standard","meta":{"footnotes":""},"categories":[134],"tags":[],"class_list":["post-349390","post","type-post","status-publish","format-standard","has-post-thumbnail","hentry","category-sport"],"gt_translate_keys":[{"key":"link","format":"url"}],"_links":{"self":[{"href":"https:\/\/www.hashtag.al\/index.php\/wp-json\/wp\/v2\/posts\/349390","targetHints":{"allow":["GET"]}}],"collection":[{"href":"https:\/\/www.hashtag.al\/index.php\/wp-json\/wp\/v2\/posts"}],"about":[{"href":"https:\/\/www.hashtag.al\/index.php\/wp-json\/wp\/v2\/types\/post"}],"author":[{"embeddable":true,"href":"https:\/\/www.hashtag.al\/index.php\/wp-json\/wp\/v2\/users\/51"}],"replies":[{"embeddable":true,"href":"https:\/\/www.hashtag.al\/index.php\/wp-json\/wp\/v2\/comments?post=349390"}],"version-history":[{"count":0,"href":"https:\/\/www.hashtag.al\/index.php\/wp-json\/wp\/v2\/posts\/349390\/revisions"}],"wp:featuredmedia":[{"embeddable":true,"href":"https:\/\/www.hashtag.al\/index.php\/wp-json\/wp\/v2\/media\/349392"}],"wp:attachment":[{"href":"https:\/\/www.hashtag.al\/index.php\/wp-json\/wp\/v2\/media?parent=349390"}],"wp:term":[{"taxonomy":"category","embeddable":true,"href":"https:\/\/www.hashtag.al\/index.php\/wp-json\/wp\/v2\/categories?post=349390"},{"taxonomy":"post_tag","embeddable":true,"href":"https:\/\/www.hashtag.al\/index.php\/wp-json\/wp\/v2\/tags?post=349390"}],"curies":[{"name":"wp","href":"https:\/\/api.w.org\/{rel}","templated":true}]}}