{"id":349347,"date":"2020-01-26T17:10:10","date_gmt":"2020-01-26T16:10:10","guid":{"rendered":"https:\/\/hashtag.al\/?p=349347"},"modified":"2020-01-26T17:10:10","modified_gmt":"2020-01-26T16:10:10","slug":"shkon-ne-35-numri-i-viktimave-te-termetit-ne-turqi","status":"publish","type":"post","link":"https:\/\/www.hashtag.al\/index.php\/2020\/01\/26\/shkon-ne-35-numri-i-viktimave-te-termetit-ne-turqi\/","title":{"rendered":"Shkon n\u00eb 35 numri i viktimave t\u00eb t\u00ebrmetit n\u00eb Turqi","gt_translate_keys":[{"key":"rendered","format":"text"}]},"content":{"rendered":"<p><img loading=\"lazy\" decoding=\"async\" class=\"aligncenter size-full wp-image-349348\" src=\"https:\/\/hashtag.al\/wp-content\/uploads\/2020\/01\/turqitermet-1.jpg\" alt=\"\" width=\"864\" height=\"486\" srcset=\"https:\/\/www.hashtag.al\/wp-content\/uploads\/2020\/01\/turqitermet-1.jpg 864w, https:\/\/www.hashtag.al\/wp-content\/uploads\/2020\/01\/turqitermet-1-300x169.jpg 300w, https:\/\/www.hashtag.al\/wp-content\/uploads\/2020\/01\/turqitermet-1-768x432.jpg 768w\" sizes=\"auto, (max-width: 864px) 100vw, 864px\" \/><\/p>\n<p><span style=\"color: #000000;\">Numri i vdekjeve nga t\u00ebrmeti i fuqish\u00ebm i s\u00eb premtes n\u00eb Turqin\u00eb lindore ka shkuar n\u00eb 35, tha zv.presidenti Fuat Oktay. T\u00ebrmeti me magnitud\u00eb 6.8 Rihter tronditi provinc\u00ebn lindore t\u00eb Elazig-ut nd\u00ebrsa dridhjet u ndjen\u00eb edhe n\u00eb vendet fqinje.<\/span><\/p>\n<p><span style=\"color: #000000;\">Ministri i Brendsh\u00ebm Suleyman Soylu tha p\u00ebr mediat se 45 persona jan\u00eb shp\u00ebtuar mga rr\u00ebnojat. Pas t\u00ebrmetit t\u00eb s\u00eb premtes, n\u00eb Turqi jan\u00eb sh\u00ebnuar 678 t\u00ebrmetesh t\u00eb tjer\u00eb m\u00eb t\u00eb dob\u00ebt.<\/span><\/p>\n<p><span style=\"color: #000000;\">Soylu njoftoi gjithashtu nj\u00eb tarif\u00eb qiraje p\u00ebr njer\u00ebzit, sht\u00ebpit\u00eb e t\u00eb cil\u00ebve u shkat\u00ebrruan si rezultat i t\u00ebrmetit.<\/span><\/p>\n<p><span style=\"color: #000000;\"><em>\u2018Ne do t&#8217;u japim menj\u00ebher\u00eb qiran\u00eb atyre q\u00eb humb\u00ebn sht\u00ebpit\u00eb nga t\u00ebrmeti,\u2019<\/em> tha ai.<\/span><\/p>\n","protected":false,"gt_translate_keys":[{"key":"rendered","format":"html"}]},"excerpt":{"rendered":"<p>Numri i vdekjeve nga t\u00ebrmeti i fuqish\u00ebm i s\u00eb premtes n\u00eb Turqin\u00eb lindore ka shkuar n\u00eb 35, tha zv.presidenti Fuat Oktay. T\u00ebrmeti me magnitud\u00eb 6.8 Rihter tronditi provinc\u00ebn lindore t\u00eb Elazig-ut nd\u00ebrsa dridhjet u ndjen\u00eb edhe n\u00eb vendet fqinje. Ministri i Brendsh\u00ebm Suleyman Soylu tha p\u00ebr mediat se 45 persona jan\u00eb shp\u00ebtuar mga rr\u00ebnojat. Pas [&hellip;]<\/p>\n","protected":false,"gt_translate_keys":[{"key":"rendered","format":"html"}]},"author":51,"featured_media":349348,"comment_status":"open","ping_status":"open","sticky":false,"template":"","format":"standard","meta":{"footnotes":""},"categories":[6],"tags":[],"class_list":["post-349347","post","type-post","status-publish","format-standard","has-post-thumbnail","hentry","category-nderkombetare"],"gt_translate_keys":[{"key":"link","format":"url"}],"_links":{"self":[{"href":"https:\/\/www.hashtag.al\/index.php\/wp-json\/wp\/v2\/posts\/349347","targetHints":{"allow":["GET"]}}],"collection":[{"href":"https:\/\/www.hashtag.al\/index.php\/wp-json\/wp\/v2\/posts"}],"about":[{"href":"https:\/\/www.hashtag.al\/index.php\/wp-json\/wp\/v2\/types\/post"}],"author":[{"embeddable":true,"href":"https:\/\/www.hashtag.al\/index.php\/wp-json\/wp\/v2\/users\/51"}],"replies":[{"embeddable":true,"href":"https:\/\/www.hashtag.al\/index.php\/wp-json\/wp\/v2\/comments?post=349347"}],"version-history":[{"count":0,"href":"https:\/\/www.hashtag.al\/index.php\/wp-json\/wp\/v2\/posts\/349347\/revisions"}],"wp:featuredmedia":[{"embeddable":true,"href":"https:\/\/www.hashtag.al\/index.php\/wp-json\/wp\/v2\/media\/349348"}],"wp:attachment":[{"href":"https:\/\/www.hashtag.al\/index.php\/wp-json\/wp\/v2\/media?parent=349347"}],"wp:term":[{"taxonomy":"category","embeddable":true,"href":"https:\/\/www.hashtag.al\/index.php\/wp-json\/wp\/v2\/categories?post=349347"},{"taxonomy":"post_tag","embeddable":true,"href":"https:\/\/www.hashtag.al\/index.php\/wp-json\/wp\/v2\/tags?post=349347"}],"curies":[{"name":"wp","href":"https:\/\/api.w.org\/{rel}","templated":true}]}}