{"id":349277,"date":"2020-01-26T10:48:06","date_gmt":"2020-01-26T09:48:06","guid":{"rendered":"https:\/\/hashtag.al\/?p=349277"},"modified":"2020-01-26T10:48:06","modified_gmt":"2020-01-26T09:48:06","slug":"roma-dhe-barcelona-arrijne-marreveshjen-per-kalimin-e-talentit-katalanas-ne-itali","status":"publish","type":"post","link":"https:\/\/www.hashtag.al\/index.php\/2020\/01\/26\/roma-dhe-barcelona-arrijne-marreveshjen-per-kalimin-e-talentit-katalanas-ne-itali\/","title":{"rendered":"Roma dhe Barcelona arrijn\u00eb marr\u00ebveshjen p\u00ebr kalimin e talentit katalanas n\u00eb Itali","gt_translate_keys":[{"key":"rendered","format":"text"}]},"content":{"rendered":"<p><img loading=\"lazy\" decoding=\"async\" class=\"aligncenter size-full wp-image-349278\" src=\"https:\/\/hashtag.al\/wp-content\/uploads\/2020\/01\/antoine-griezmann-2-600x360.jpg\" alt=\"\" width=\"600\" height=\"360\" srcset=\"https:\/\/www.hashtag.al\/wp-content\/uploads\/2020\/01\/antoine-griezmann-2-600x360.jpg 600w, https:\/\/www.hashtag.al\/wp-content\/uploads\/2020\/01\/antoine-griezmann-2-600x360-300x180.jpg 300w\" sizes=\"auto, (max-width: 600px) 100vw, 600px\" \/><\/p>\n<p><span style=\"color: #000000;\">Roma dhe Barcelona kan\u00eb arritur marr\u00ebveshje p\u00ebr kalimin e Carles Perez n\u00eb kryeqytetin italian, si lojtar i huazuar me detyrim blerjeje p\u00ebr 13 milion\u00eb euro.<\/span><\/p>\n<p><span style=\"color: #000000;\">Megjithat\u00eb, tani i mbetet lojtarit t\u00eb vendos\u00eb n\u00ebse d\u00ebshiron t\u2019i bashkohet Rom\u00ebs apo jo, raportojn\u00eb mediat spanjolle.<\/span><\/p>\n<p><span style=\"color: #000000;\">N\u00eb momentin q\u00eb Perez e pranon kalimin n\u00eb Rom\u00eb, transferimi i tij nga Barcelona do t\u00eb b\u00ebhet zyrtar.<\/span><\/p>\n<p><span style=\"color: #000000;\">21-vje\u00e7ari, i cili vet\u00ebm para kat\u00ebr muajve e rip\u00ebrt\u00ebriu kontrat\u00ebn deri m\u00eb 2022, \u00ebsht\u00eb gjendur n\u00eb nj\u00eb situat\u00eb t\u00eb papritur; sepse sapo ia doli t\u00eb ishte pjes\u00eb e skuadr\u00ebs s\u00eb par\u00eb t\u00eb Bar\u00e7\u00ebs, iu tha se nuk \u00ebsht\u00eb m\u00eb pjes\u00eb e planeve t\u00eb klubit. E t\u00ebra p\u00ebr shkak t\u00eb nd\u00ebrrimit t\u00eb trajnerit.<\/span><\/p>\n<p><span style=\"color: #000000;\">Roma nuk \u00ebsht\u00eb mund\u00ebsia e vetme e Perezit, por thuhet se Barcelona synon ta mbyll\u00eb marr\u00ebveshjen me klubin italian sa m\u00eb shpejt p\u00ebr shkak t\u00eb gjendjes s\u00eb keqe financiare.<\/span><\/p>\n<p><span style=\"color: #000000;\">Gjithsesi, tani i mbetet Perezit t\u00eb vendos\u00eb n\u00ebse d\u00ebshiron t\u00eb kaloj\u00eb n\u00eb Rom\u00eb apo jo.<\/span><\/p>\n<p>&nbsp;<\/p>\n","protected":false,"gt_translate_keys":[{"key":"rendered","format":"html"}]},"excerpt":{"rendered":"<p>Roma dhe Barcelona kan\u00eb arritur marr\u00ebveshje p\u00ebr kalimin e Carles Perez n\u00eb kryeqytetin italian, si lojtar i huazuar me detyrim blerjeje p\u00ebr 13 milion\u00eb euro. Megjithat\u00eb, tani i mbetet lojtarit t\u00eb vendos\u00eb n\u00ebse d\u00ebshiron t\u2019i bashkohet Rom\u00ebs apo jo, raportojn\u00eb mediat spanjolle. N\u00eb momentin q\u00eb Perez e pranon kalimin n\u00eb Rom\u00eb, transferimi i tij nga [&hellip;]<\/p>\n","protected":false,"gt_translate_keys":[{"key":"rendered","format":"html"}]},"author":32,"featured_media":349278,"comment_status":"open","ping_status":"open","sticky":false,"template":"","format":"standard","meta":{"footnotes":""},"categories":[134,13],"tags":[],"class_list":["post-349277","post","type-post","status-publish","format-standard","has-post-thumbnail","hentry","category-sport","category-te-fundit"],"gt_translate_keys":[{"key":"link","format":"url"}],"_links":{"self":[{"href":"https:\/\/www.hashtag.al\/index.php\/wp-json\/wp\/v2\/posts\/349277","targetHints":{"allow":["GET"]}}],"collection":[{"href":"https:\/\/www.hashtag.al\/index.php\/wp-json\/wp\/v2\/posts"}],"about":[{"href":"https:\/\/www.hashtag.al\/index.php\/wp-json\/wp\/v2\/types\/post"}],"author":[{"embeddable":true,"href":"https:\/\/www.hashtag.al\/index.php\/wp-json\/wp\/v2\/users\/32"}],"replies":[{"embeddable":true,"href":"https:\/\/www.hashtag.al\/index.php\/wp-json\/wp\/v2\/comments?post=349277"}],"version-history":[{"count":0,"href":"https:\/\/www.hashtag.al\/index.php\/wp-json\/wp\/v2\/posts\/349277\/revisions"}],"wp:featuredmedia":[{"embeddable":true,"href":"https:\/\/www.hashtag.al\/index.php\/wp-json\/wp\/v2\/media\/349278"}],"wp:attachment":[{"href":"https:\/\/www.hashtag.al\/index.php\/wp-json\/wp\/v2\/media?parent=349277"}],"wp:term":[{"taxonomy":"category","embeddable":true,"href":"https:\/\/www.hashtag.al\/index.php\/wp-json\/wp\/v2\/categories?post=349277"},{"taxonomy":"post_tag","embeddable":true,"href":"https:\/\/www.hashtag.al\/index.php\/wp-json\/wp\/v2\/tags?post=349277"}],"curies":[{"name":"wp","href":"https:\/\/api.w.org\/{rel}","templated":true}]}}