{"id":348718,"date":"2020-01-23T15:32:40","date_gmt":"2020-01-23T14:32:40","guid":{"rendered":"https:\/\/hashtag.al\/?p=348718"},"modified":"2020-01-23T17:25:37","modified_gmt":"2020-01-23T16:25:37","slug":"ministria-e-arsimit-mbyll-shkollen-iraniane-ne-tirane","status":"publish","type":"post","link":"https:\/\/www.hashtag.al\/index.php\/2020\/01\/23\/ministria-e-arsimit-mbyll-shkollen-iraniane-ne-tirane\/","title":{"rendered":"Ministria e Arsimit mbyll shkoll\u00ebn iraniane n\u00eb Tiran\u00eb","gt_translate_keys":[{"key":"rendered","format":"text"}]},"content":{"rendered":"<p><img loading=\"lazy\" decoding=\"async\" class=\"aligncenter size-full wp-image-348721\" src=\"https:\/\/hashtag.al\/wp-content\/uploads\/2020\/01\/ambasadairaniane.png\" alt=\"\" width=\"594\" height=\"450\" srcset=\"https:\/\/www.hashtag.al\/wp-content\/uploads\/2020\/01\/ambasadairaniane.png 594w, https:\/\/www.hashtag.al\/wp-content\/uploads\/2020\/01\/ambasadairaniane-300x227.png 300w\" sizes=\"auto, (max-width: 594px) 100vw, 594px\" \/><\/p>\n<p><span style=\"color: #000000;\">Ministria e Arsimit ka mbyllur shkoll\u00ebn \u2018Saadi\u2019, q\u00eb funksionon n\u00eb Tiran\u00eb prej disa vitesh. Vendimi mban firm\u00ebn e ministres Shahini nd\u00ebrsa nuk theksohen arsyet e k\u00ebtij vendimi.\u00a0 <\/span><\/p>\n<p><span style=\"color: #000000;\">Masa vjen pak dit\u00eb pas shpalljes non grata t\u00eb dy diplomat\u00ebve iranian\u00eb t\u00eb Ambasad\u00ebs s\u00eb Iranit n\u00eb Tiran\u00eb. Diplomtat\u00ebt e p\u00ebrz\u00ebn\u00eb jan\u00eb Mohammad Ali Arz Peimanemati e Seyed Ahmad Hosseini Alast. <\/span><\/p>\n<p><span style=\"color: #000000;\">Ky i fundit ka qen\u00eb atashe kulturor i Iranit n\u00eb Shqip\u00ebri dhe nj\u00ebkoh\u00ebsisht drejtues i fondacionit \u2018Saadi Shirazi\u2019 n\u00eb Tiran\u00eb, pjes\u00eb e s\u00eb cil\u00ebs \u00ebsht\u00eb edhe shkolla e mbyllur me vendim t\u00eb Ministris\u00eb s\u00eb Arsimit.<\/span><\/p>\n<p><img loading=\"lazy\" decoding=\"async\" class=\"aligncenter size-full wp-image-348719\" src=\"https:\/\/hashtag.al\/wp-content\/uploads\/2020\/01\/shahiniirani.jpg\" alt=\"\" width=\"662\" height=\"861\" srcset=\"https:\/\/www.hashtag.al\/wp-content\/uploads\/2020\/01\/shahiniirani.jpg 662w, https:\/\/www.hashtag.al\/wp-content\/uploads\/2020\/01\/shahiniirani-231x300.jpg 231w\" sizes=\"auto, (max-width: 662px) 100vw, 662px\" \/><\/p>\n<p><img loading=\"lazy\" decoding=\"async\" class=\"aligncenter size-full wp-image-348720\" src=\"https:\/\/hashtag.al\/wp-content\/uploads\/2020\/01\/shahiniirani.jpg2_.jpg\" alt=\"\" width=\"664\" height=\"853\" srcset=\"https:\/\/www.hashtag.al\/wp-content\/uploads\/2020\/01\/shahiniirani.jpg2_.jpg 664w, https:\/\/www.hashtag.al\/wp-content\/uploads\/2020\/01\/shahiniirani.jpg2_-234x300.jpg 234w\" sizes=\"auto, (max-width: 664px) 100vw, 664px\" \/><\/p>\n","protected":false,"gt_translate_keys":[{"key":"rendered","format":"html"}]},"excerpt":{"rendered":"<p>Ministria e Arsimit ka mbyllur shkoll\u00ebn \u2018Saadi\u2019, q\u00eb funksionon n\u00eb Tiran\u00eb prej disa vitesh. Vendimi mban firm\u00ebn e ministres Shahini nd\u00ebrsa nuk theksohen arsyet e k\u00ebtij vendimi.\u00a0 Masa vjen pak dit\u00eb pas shpalljes non grata t\u00eb dy diplomat\u00ebve iranian\u00eb t\u00eb Ambasad\u00ebs s\u00eb Iranit n\u00eb Tiran\u00eb. Diplomtat\u00ebt e p\u00ebrz\u00ebn\u00eb jan\u00eb Mohammad Ali Arz Peimanemati e Seyed [&hellip;]<\/p>\n","protected":false,"gt_translate_keys":[{"key":"rendered","format":"html"}]},"author":51,"featured_media":348721,"comment_status":"open","ping_status":"open","sticky":false,"template":"","format":"standard","meta":{"footnotes":""},"categories":[65,13],"tags":[],"class_list":["post-348718","post","type-post","status-publish","format-standard","has-post-thumbnail","hentry","category-lajme","category-te-fundit"],"gt_translate_keys":[{"key":"link","format":"url"}],"_links":{"self":[{"href":"https:\/\/www.hashtag.al\/index.php\/wp-json\/wp\/v2\/posts\/348718","targetHints":{"allow":["GET"]}}],"collection":[{"href":"https:\/\/www.hashtag.al\/index.php\/wp-json\/wp\/v2\/posts"}],"about":[{"href":"https:\/\/www.hashtag.al\/index.php\/wp-json\/wp\/v2\/types\/post"}],"author":[{"embeddable":true,"href":"https:\/\/www.hashtag.al\/index.php\/wp-json\/wp\/v2\/users\/51"}],"replies":[{"embeddable":true,"href":"https:\/\/www.hashtag.al\/index.php\/wp-json\/wp\/v2\/comments?post=348718"}],"version-history":[{"count":0,"href":"https:\/\/www.hashtag.al\/index.php\/wp-json\/wp\/v2\/posts\/348718\/revisions"}],"wp:featuredmedia":[{"embeddable":true,"href":"https:\/\/www.hashtag.al\/index.php\/wp-json\/wp\/v2\/media\/348721"}],"wp:attachment":[{"href":"https:\/\/www.hashtag.al\/index.php\/wp-json\/wp\/v2\/media?parent=348718"}],"wp:term":[{"taxonomy":"category","embeddable":true,"href":"https:\/\/www.hashtag.al\/index.php\/wp-json\/wp\/v2\/categories?post=348718"},{"taxonomy":"post_tag","embeddable":true,"href":"https:\/\/www.hashtag.al\/index.php\/wp-json\/wp\/v2\/tags?post=348718"}],"curies":[{"name":"wp","href":"https:\/\/api.w.org\/{rel}","templated":true}]}}