{"id":348205,"date":"2020-01-21T13:53:23","date_gmt":"2020-01-21T12:53:23","guid":{"rendered":"https:\/\/hashtag.al\/?p=348205"},"modified":"2020-01-21T13:45:39","modified_gmt":"2020-01-21T12:45:39","slug":"kryeministri-spanjoll-refuzon-cdo-votim-per-pavaresine-e-katalonjes","status":"publish","type":"post","link":"https:\/\/www.hashtag.al\/index.php\/2020\/01\/21\/kryeministri-spanjoll-refuzon-cdo-votim-per-pavaresine-e-katalonjes\/","title":{"rendered":"Kryeministri spanjoll refuzon \u00e7do votim p\u00ebr pavar\u00ebsin\u00eb e Katalonj\u00ebs","gt_translate_keys":[{"key":"rendered","format":"text"}]},"content":{"rendered":"<p><img loading=\"lazy\" decoding=\"async\" class=\"aligncenter size-full wp-image-345235\" src=\"https:\/\/hashtag.al\/wp-content\/uploads\/2020\/01\/pedro-sanchez.jpg\" alt=\"\" width=\"1000\" height=\"666\" srcset=\"https:\/\/www.hashtag.al\/wp-content\/uploads\/2020\/01\/pedro-sanchez.jpg 1000w, https:\/\/www.hashtag.al\/wp-content\/uploads\/2020\/01\/pedro-sanchez-300x200.jpg 300w, https:\/\/www.hashtag.al\/wp-content\/uploads\/2020\/01\/pedro-sanchez-768x511.jpg 768w\" sizes=\"auto, (max-width: 1000px) 100vw, 1000px\" \/><\/p>\n<p><span style=\"color: #000000;\">Kryeministri spanjoll, Pedro Sanchez njoftoi sot se do t\u00eb takoj\u00eb n\u00eb fillim t\u00eb shkurtit presidentin e Katalonj\u00ebs, Quim Torra duke p\u00ebrjashtuar \u00e7do referendum p\u00ebr pavar\u00ebsi n\u00eb k\u00ebt\u00eb rajon autonom.<\/span><\/p>\n<p><span style=\"color: #000000;\">\u201cTakimi do t\u00eb b\u00ebhet jav\u00ebn e par\u00eb t\u00eb muajit shkurt n\u00eb Barcelon\u00eb\u201d, tha Sanchez p\u00ebr televizionin publik.<\/span><\/p>\n<p><span style=\"color: #000000;\">Quim e kishte k\u00ebrkuar k\u00ebt\u00eb takim para krijimit t\u00eb nj\u00eb tryeze t\u00eb rrumbullak\u00ebt dypal\u00ebshe mes dy ekzekutiv\u00ebve, qendror dhe rajonal, destinuar p\u00ebr t\u00eb gjetur nj\u00eb zgjidhje p\u00ebr kriz\u00ebn politike t\u00eb hapur n\u00eb vitin 2017.<\/span><\/p>\n<p><span style=\"color: #000000;\">\u201cP\u00ebr sa i p\u00ebrket tryez\u00ebs s\u00eb rrumbullak\u00ebt, ajo q\u00eb ne duam \u00ebsht\u00eb q\u00eb kjo t\u00eb arrihet nga nj\u00eb votim nga ana e popullsis\u00eb katalanase p\u00ebr nj\u00eb marr\u00ebveshje\u201d, theksoi drejtuesi socialist, para se t\u00eb theksonte n\u00ebse kjo mund t\u00eb mb\u00ebshtetet mbi nj\u00eb status t\u00eb ri t\u00eb autonomis\u00eb.<\/span><\/p>\n<p><span style=\"color: #000000;\">Por, ai p\u00ebrjashtoi \u00e7do referendum p\u00ebr pavar\u00ebsin\u00eb e Katalonj\u00ebs.<\/span><\/p>\n<p><span style=\"color: #000000;\">\u201dKy do t\u00eb jet\u00eb nj\u00eb votim mbi nj\u00eb marr\u00ebveshje, jo nj\u00eb votim p\u00ebr nj\u00eb ndarje\u201d, theksoi ai.<\/span><\/p>\n<p><span style=\"color: #000000;\">\u201cN\u00ebse ne propozojm\u00eb votim p\u00ebr nj\u00eb marr\u00ebveshje, \u00ebsht\u00eb nj\u00eb votim p\u00ebr t\u00eb bashkuar katalanasit dhe jo p\u00ebr t\u2019i ndar\u00eb\u201d, n\u00ebnvizoi Sanchez.<\/span><\/p>\n","protected":false,"gt_translate_keys":[{"key":"rendered","format":"html"}]},"excerpt":{"rendered":"<p>Kryeministri spanjoll, Pedro Sanchez njoftoi sot se do t\u00eb takoj\u00eb n\u00eb fillim t\u00eb shkurtit presidentin e Katalonj\u00ebs, Quim Torra duke p\u00ebrjashtuar \u00e7do referendum p\u00ebr pavar\u00ebsi n\u00eb k\u00ebt\u00eb rajon autonom. \u201cTakimi do t\u00eb b\u00ebhet jav\u00ebn e par\u00eb t\u00eb muajit shkurt n\u00eb Barcelon\u00eb\u201d, tha Sanchez p\u00ebr televizionin publik. Quim e kishte k\u00ebrkuar k\u00ebt\u00eb takim para krijimit t\u00eb [&hellip;]<\/p>\n","protected":false,"gt_translate_keys":[{"key":"rendered","format":"html"}]},"author":32,"featured_media":345235,"comment_status":"open","ping_status":"open","sticky":false,"template":"","format":"standard","meta":{"footnotes":""},"categories":[6,13],"tags":[],"class_list":["post-348205","post","type-post","status-publish","format-standard","has-post-thumbnail","hentry","category-nderkombetare","category-te-fundit"],"gt_translate_keys":[{"key":"link","format":"url"}],"_links":{"self":[{"href":"https:\/\/www.hashtag.al\/index.php\/wp-json\/wp\/v2\/posts\/348205","targetHints":{"allow":["GET"]}}],"collection":[{"href":"https:\/\/www.hashtag.al\/index.php\/wp-json\/wp\/v2\/posts"}],"about":[{"href":"https:\/\/www.hashtag.al\/index.php\/wp-json\/wp\/v2\/types\/post"}],"author":[{"embeddable":true,"href":"https:\/\/www.hashtag.al\/index.php\/wp-json\/wp\/v2\/users\/32"}],"replies":[{"embeddable":true,"href":"https:\/\/www.hashtag.al\/index.php\/wp-json\/wp\/v2\/comments?post=348205"}],"version-history":[{"count":0,"href":"https:\/\/www.hashtag.al\/index.php\/wp-json\/wp\/v2\/posts\/348205\/revisions"}],"wp:featuredmedia":[{"embeddable":true,"href":"https:\/\/www.hashtag.al\/index.php\/wp-json\/wp\/v2\/media\/345235"}],"wp:attachment":[{"href":"https:\/\/www.hashtag.al\/index.php\/wp-json\/wp\/v2\/media?parent=348205"}],"wp:term":[{"taxonomy":"category","embeddable":true,"href":"https:\/\/www.hashtag.al\/index.php\/wp-json\/wp\/v2\/categories?post=348205"},{"taxonomy":"post_tag","embeddable":true,"href":"https:\/\/www.hashtag.al\/index.php\/wp-json\/wp\/v2\/tags?post=348205"}],"curies":[{"name":"wp","href":"https:\/\/api.w.org\/{rel}","templated":true}]}}