{"id":348202,"date":"2020-01-21T13:37:49","date_gmt":"2020-01-21T12:37:49","guid":{"rendered":"https:\/\/hashtag.al\/?p=348202"},"modified":"2020-01-21T13:34:27","modified_gmt":"2020-01-21T12:34:27","slug":"teuta-perforcon-sulmin-merr-hebajn-nga-kampionati-ukrainas","status":"publish","type":"post","link":"https:\/\/www.hashtag.al\/index.php\/2020\/01\/21\/teuta-perforcon-sulmin-merr-hebajn-nga-kampionati-ukrainas\/","title":{"rendered":"Teuta p\u00ebrforcon sulmin, merr Hebajn nga kampionati ukrainas","gt_translate_keys":[{"key":"rendered","format":"text"}]},"content":{"rendered":"<p><img loading=\"lazy\" decoding=\"async\" class=\"aligncenter size-full wp-image-348203\" src=\"https:\/\/hashtag.al\/wp-content\/uploads\/2020\/01\/hebaj-teuta.jpg\" alt=\"\" width=\"960\" height=\"720\" srcset=\"https:\/\/www.hashtag.al\/wp-content\/uploads\/2020\/01\/hebaj-teuta.jpg 960w, https:\/\/www.hashtag.al\/wp-content\/uploads\/2020\/01\/hebaj-teuta-300x225.jpg 300w, https:\/\/www.hashtag.al\/wp-content\/uploads\/2020\/01\/hebaj-teuta-768x576.jpg 768w\" sizes=\"auto, (max-width: 960px) 100vw, 960px\" \/><\/p>\n<p><span style=\"color: #000000;\">Pas Culibaly, klubi durrsak njofton arritjen e marr\u00ebveshjes me futbollistin 23 vje\u00e7ar, Rubin Hebaj.<\/span><\/p>\n<p><span style=\"color: #000000;\">Drejtuesit e klubit dhe sulmuesi kan\u00eb gjetur akordin p\u00ebr bashk\u00ebpunim p\u00ebr 6 muaj dhe pas firm\u00ebs mbi kontrat\u00eb lojtari tashm\u00eb zyrtarisht \u00ebsht\u00eb pjes\u00eb e bluve.<\/span><\/p>\n<p><span style=\"color: #000000;\">Hebaj n\u00eb Durr\u00ebs vjen nga kampionati i Ukrainas ku \u00ebsht\u00eb aktivizuar me Vorskla Poltava nd\u00ebrsa njeh shum\u00eb mir\u00eb Superlig\u00ebs teksa m\u00eb her\u00ebt ka qen\u00eb pjes\u00eb e Partizanit dhe Vllaznis\u00eb.<\/span><\/p>\n<p><span style=\"color: #000000;\">Rubin Hebaj \u00ebsht\u00eb bashkuar me ekipin n\u00eb grumbullim, nd\u00ebrsa b\u00ebhet p\u00ebrforcimi i tret\u00eb i Teut\u00ebs n\u00eb k\u00ebt\u00eb afat kalimtar.<\/span><\/p>\n","protected":false,"gt_translate_keys":[{"key":"rendered","format":"html"}]},"excerpt":{"rendered":"<p>Pas Culibaly, klubi durrsak njofton arritjen e marr\u00ebveshjes me futbollistin 23 vje\u00e7ar, Rubin Hebaj. Drejtuesit e klubit dhe sulmuesi kan\u00eb gjetur akordin p\u00ebr bashk\u00ebpunim p\u00ebr 6 muaj dhe pas firm\u00ebs mbi kontrat\u00eb lojtari tashm\u00eb zyrtarisht \u00ebsht\u00eb pjes\u00eb e bluve. Hebaj n\u00eb Durr\u00ebs vjen nga kampionati i Ukrainas ku \u00ebsht\u00eb aktivizuar me Vorskla Poltava nd\u00ebrsa njeh [&hellip;]<\/p>\n","protected":false,"gt_translate_keys":[{"key":"rendered","format":"html"}]},"author":32,"featured_media":348203,"comment_status":"open","ping_status":"open","sticky":false,"template":"","format":"standard","meta":{"footnotes":""},"categories":[134,13],"tags":[],"class_list":["post-348202","post","type-post","status-publish","format-standard","has-post-thumbnail","hentry","category-sport","category-te-fundit"],"gt_translate_keys":[{"key":"link","format":"url"}],"_links":{"self":[{"href":"https:\/\/www.hashtag.al\/index.php\/wp-json\/wp\/v2\/posts\/348202","targetHints":{"allow":["GET"]}}],"collection":[{"href":"https:\/\/www.hashtag.al\/index.php\/wp-json\/wp\/v2\/posts"}],"about":[{"href":"https:\/\/www.hashtag.al\/index.php\/wp-json\/wp\/v2\/types\/post"}],"author":[{"embeddable":true,"href":"https:\/\/www.hashtag.al\/index.php\/wp-json\/wp\/v2\/users\/32"}],"replies":[{"embeddable":true,"href":"https:\/\/www.hashtag.al\/index.php\/wp-json\/wp\/v2\/comments?post=348202"}],"version-history":[{"count":0,"href":"https:\/\/www.hashtag.al\/index.php\/wp-json\/wp\/v2\/posts\/348202\/revisions"}],"wp:featuredmedia":[{"embeddable":true,"href":"https:\/\/www.hashtag.al\/index.php\/wp-json\/wp\/v2\/media\/348203"}],"wp:attachment":[{"href":"https:\/\/www.hashtag.al\/index.php\/wp-json\/wp\/v2\/media?parent=348202"}],"wp:term":[{"taxonomy":"category","embeddable":true,"href":"https:\/\/www.hashtag.al\/index.php\/wp-json\/wp\/v2\/categories?post=348202"},{"taxonomy":"post_tag","embeddable":true,"href":"https:\/\/www.hashtag.al\/index.php\/wp-json\/wp\/v2\/tags?post=348202"}],"curies":[{"name":"wp","href":"https:\/\/api.w.org\/{rel}","templated":true}]}}