{"id":348022,"date":"2020-01-20T19:03:04","date_gmt":"2020-01-20T18:03:04","guid":{"rendered":"https:\/\/hashtag.al\/?p=348022"},"modified":"2020-01-20T19:03:04","modified_gmt":"2020-01-20T18:03:04","slug":"gjiknuri-dhe-hajdari-leter-osbe-se-i-kerkojne-ekspert-per-reformen-zgjedhore","status":"publish","type":"post","link":"https:\/\/www.hashtag.al\/index.php\/2020\/01\/20\/gjiknuri-dhe-hajdari-leter-osbe-se-i-kerkojne-ekspert-per-reformen-zgjedhore\/","title":{"rendered":"Gjiknuri dhe Hajdari let\u00ebr OSBE-s\u00eb, i k\u00ebrkojn\u00eb ekspert p\u00ebr Reform\u00ebn Zgjedhore","gt_translate_keys":[{"key":"rendered","format":"text"}]},"content":{"rendered":"<p><img loading=\"lazy\" decoding=\"async\" class=\"aligncenter size-full wp-image-348023\" src=\"https:\/\/hashtag.al\/wp-content\/uploads\/2020\/01\/gjiknuri-jhajdari.jpeg\" alt=\"\" width=\"1280\" height=\"848\" srcset=\"https:\/\/www.hashtag.al\/wp-content\/uploads\/2020\/01\/gjiknuri-jhajdari.jpeg 1280w, https:\/\/www.hashtag.al\/wp-content\/uploads\/2020\/01\/gjiknuri-jhajdari-300x199.jpeg 300w, https:\/\/www.hashtag.al\/wp-content\/uploads\/2020\/01\/gjiknuri-jhajdari-768x509.jpeg 768w, https:\/\/www.hashtag.al\/wp-content\/uploads\/2020\/01\/gjiknuri-jhajdari-1024x678.jpeg 1024w\" sizes=\"auto, (max-width: 1280px) 100vw, 1280px\" \/><\/p>\n<p><span style=\"color: #000000;\">Damian Gjiknuri dhe Rudina Hajdari n\u00eb cil\u00ebsin\u00eb e bashk\u00eb-kryetar\u00ebve p\u00ebr Reform\u00ebn Zgjedhore i jan\u00eb drejtuar me nj\u00eb let\u00ebr zyr\u00ebs p\u00ebr Institucione Demokratike dhe t\u00eb Drejtave t\u00eb Njeriut n\u00eb OSBE p\u00ebr nj\u00eb ekspert i cili s\u00eb bashku me ekspert\u00ebt vendas do ndihmoj\u00eb n\u00eb draftet p\u00ebr reform\u00ebn.<\/span><\/p>\n<p><span style=\"color: #000000;\">N\u00eb letr\u00ebn drejtuar ambasadorit i cili kryeson zyr\u00ebn e OSBE-s\u00eb t\u00eb vendosur n\u00eb Varshav\u00eb t\u00eb Polonis\u00eb, sqarohet puna e komisionit \u201cAd Hoc\u201d t\u00eb ngritur nga aktor\u00ebt politik\u00eb n\u00eb vendin ton\u00eb p\u00ebr Reform\u00ebn Zgjedhore nj\u00eb komision i ngritur q\u00eb prej 2013 por q\u00eb e ka shtyr\u00eb mandatin deri n\u00eb shkurt 2020 thuhet n\u00eb let\u00ebr.<\/span><\/p>\n<div id=\"attachment_348024\" style=\"width: 910px\" class=\"wp-caption aligncenter\"><img loading=\"lazy\" decoding=\"async\" aria-describedby=\"caption-attachment-348024\" class=\"size-full wp-image-348024\" src=\"https:\/\/hashtag.al\/wp-content\/uploads\/2020\/01\/letra-drejtuar-osbe-per-ekspert-ligjor.jpg\" alt=\"\" width=\"900\" height=\"1153\" srcset=\"https:\/\/www.hashtag.al\/wp-content\/uploads\/2020\/01\/letra-drejtuar-osbe-per-ekspert-ligjor.jpg 900w, https:\/\/www.hashtag.al\/wp-content\/uploads\/2020\/01\/letra-drejtuar-osbe-per-ekspert-ligjor-234x300.jpg 234w, https:\/\/www.hashtag.al\/wp-content\/uploads\/2020\/01\/letra-drejtuar-osbe-per-ekspert-ligjor-768x984.jpg 768w, https:\/\/www.hashtag.al\/wp-content\/uploads\/2020\/01\/letra-drejtuar-osbe-per-ekspert-ligjor-799x1024.jpg 799w\" sizes=\"auto, (max-width: 900px) 100vw, 900px\" \/><p id=\"caption-attachment-348024\" class=\"wp-caption-text\">Letra drejtuar OSBE-s\u00eb<\/p><\/div>\n<p><span style=\"color: #000000;\">Mazhoranca s\u00eb bashku me opozit\u00ebn e bashkuar jasht\u00eb parlamentin si edhe opozit\u00ebn brenda parlamentit krijuan pak dit\u00eb m\u00eb par\u00eb K\u00ebshillin Politik i cili do adresoj\u00eb t\u00eb gjitha diskutimet lidhur me Reform\u00ebn Zgjedhore e cila \u00ebsht\u00eb edhe nj\u00eb nga kushtet e Bundestagut gjerman.<\/span><\/p>\n<p><img loading=\"lazy\" decoding=\"async\" class=\"aligncenter size-full wp-image-346768\" src=\"https:\/\/hashtag.al\/wp-content\/uploads\/2020\/01\/gjiknurihajdarivasili.jpeg\" alt=\"\" width=\"900\" height=\"600\" srcset=\"https:\/\/www.hashtag.al\/wp-content\/uploads\/2020\/01\/gjiknurihajdarivasili.jpeg 900w, https:\/\/www.hashtag.al\/wp-content\/uploads\/2020\/01\/gjiknurihajdarivasili-300x200.jpeg 300w, https:\/\/www.hashtag.al\/wp-content\/uploads\/2020\/01\/gjiknurihajdarivasili-768x512.jpeg 768w\" sizes=\"auto, (max-width: 900px) 100vw, 900px\" \/><\/p>\n","protected":false,"gt_translate_keys":[{"key":"rendered","format":"html"}]},"excerpt":{"rendered":"<p>Damian Gjiknuri dhe Rudina Hajdari n\u00eb cil\u00ebsin\u00eb e bashk\u00eb-kryetar\u00ebve p\u00ebr Reform\u00ebn Zgjedhore i jan\u00eb drejtuar me nj\u00eb let\u00ebr zyr\u00ebs p\u00ebr Institucione Demokratike dhe t\u00eb Drejtave t\u00eb Njeriut n\u00eb OSBE p\u00ebr nj\u00eb ekspert i cili s\u00eb bashku me ekspert\u00ebt vendas do ndihmoj\u00eb n\u00eb draftet p\u00ebr reform\u00ebn. N\u00eb letr\u00ebn drejtuar ambasadorit i cili kryeson zyr\u00ebn e OSBE-s\u00eb [&hellip;]<\/p>\n","protected":false,"gt_translate_keys":[{"key":"rendered","format":"html"}]},"author":32,"featured_media":348023,"comment_status":"open","ping_status":"open","sticky":false,"template":"","format":"standard","meta":{"footnotes":""},"categories":[65,13],"tags":[],"class_list":["post-348022","post","type-post","status-publish","format-standard","has-post-thumbnail","hentry","category-lajme","category-te-fundit"],"gt_translate_keys":[{"key":"link","format":"url"}],"_links":{"self":[{"href":"https:\/\/www.hashtag.al\/index.php\/wp-json\/wp\/v2\/posts\/348022","targetHints":{"allow":["GET"]}}],"collection":[{"href":"https:\/\/www.hashtag.al\/index.php\/wp-json\/wp\/v2\/posts"}],"about":[{"href":"https:\/\/www.hashtag.al\/index.php\/wp-json\/wp\/v2\/types\/post"}],"author":[{"embeddable":true,"href":"https:\/\/www.hashtag.al\/index.php\/wp-json\/wp\/v2\/users\/32"}],"replies":[{"embeddable":true,"href":"https:\/\/www.hashtag.al\/index.php\/wp-json\/wp\/v2\/comments?post=348022"}],"version-history":[{"count":0,"href":"https:\/\/www.hashtag.al\/index.php\/wp-json\/wp\/v2\/posts\/348022\/revisions"}],"wp:featuredmedia":[{"embeddable":true,"href":"https:\/\/www.hashtag.al\/index.php\/wp-json\/wp\/v2\/media\/348023"}],"wp:attachment":[{"href":"https:\/\/www.hashtag.al\/index.php\/wp-json\/wp\/v2\/media?parent=348022"}],"wp:term":[{"taxonomy":"category","embeddable":true,"href":"https:\/\/www.hashtag.al\/index.php\/wp-json\/wp\/v2\/categories?post=348022"},{"taxonomy":"post_tag","embeddable":true,"href":"https:\/\/www.hashtag.al\/index.php\/wp-json\/wp\/v2\/tags?post=348022"}],"curies":[{"name":"wp","href":"https:\/\/api.w.org\/{rel}","templated":true}]}}