{"id":347666,"date":"2020-01-19T10:53:31","date_gmt":"2020-01-19T09:53:31","guid":{"rendered":"https:\/\/hashtag.al\/?p=347666"},"modified":"2020-01-19T10:55:12","modified_gmt":"2020-01-19T09:55:12","slug":"princesha-beatrice-detyrohet-perseri-te-shtyje-lajmerimin-per-daten-e-marteses-shkak-harry-e-meghan","status":"publish","type":"post","link":"https:\/\/www.hashtag.al\/index.php\/2020\/01\/19\/princesha-beatrice-detyrohet-perseri-te-shtyje-lajmerimin-per-daten-e-marteses-shkak-harry-e-meghan\/","title":{"rendered":"Princesha Beatri\u00e7e detyrohet p\u00ebrs\u00ebri t\u00eb shtyj\u00eb lajm\u00ebrimin p\u00ebr dat\u00ebn e martes\u00ebs, shkak Harry e Meghan","gt_translate_keys":[{"key":"rendered","format":"text"}]},"content":{"rendered":"<p><a href=\"https:\/\/hashtag.al\/wp-content\/uploads\/2019\/09\/Beatrice.jpg\"><img loading=\"lazy\" decoding=\"async\" class=\"aligncenter size-full wp-image-324703\" src=\"https:\/\/hashtag.al\/wp-content\/uploads\/2019\/09\/Beatrice.jpg\" alt=\"\" width=\"962\" height=\"966\" srcset=\"https:\/\/www.hashtag.al\/wp-content\/uploads\/2019\/09\/Beatrice.jpg 962w, https:\/\/www.hashtag.al\/wp-content\/uploads\/2019\/09\/Beatrice-150x150.jpg 150w, https:\/\/www.hashtag.al\/wp-content\/uploads\/2019\/09\/Beatrice-300x300.jpg 300w, https:\/\/www.hashtag.al\/wp-content\/uploads\/2019\/09\/Beatrice-768x771.jpg 768w, https:\/\/www.hashtag.al\/wp-content\/uploads\/2019\/09\/Beatrice-120x120.jpg 120w\" sizes=\"auto, (max-width: 962px) 100vw, 962px\" \/><\/a><\/p>\n<p><span style=\"color: #000000;\">Drama &#8220;Megxit&#8221; ka l\u00ebn\u00eb nj\u00eb an\u00ebtar t\u00eb familjes Mbret\u00ebrore ve\u00e7an\u00ebrisht t\u00eb pak\u00ebnaqur &#8211; Princesh\u00ebn Beatrice.<\/span><\/p>\n<p><span style=\"color: #000000;\">Kjo sepse nusja e ardhshme \u00ebsht\u00eb detyruar t\u00eb shtyj\u00eb p\u00ebrs\u00ebri zgjedhjen e dat\u00ebs s\u00eb dasm\u00ebs.<\/span><\/p>\n<p><span style=\"color: #000000;\">Beatrice dhe i fejuari i saj Edo Mapelli Mozzi duhej t\u00eb prisnin nj\u00eb dat\u00eb me t\u00eb cil\u00ebn do binte dakord Mbret\u00ebresha, pastaj u detyrua t\u00eb priste p\u00ebr shkak t\u00eb situat\u00ebs me baban\u00eb e saj Princin Andrew.<\/span><\/p>\n<p><span style=\"color: #000000;\">Pas k\u00ebsaj, vendi i planifikuar duhej t\u00eb ndryshohej kur Duka i Jorkut njoftoi se do t\u00eb pezullonte lidhjet me shoqata t\u00eb ndryshme ushtarake.\u00a0 Sipas <span style=\"color: #0000ff;\"><a style=\"color: #0000ff;\" href=\"https:\/\/www.dailymail.co.uk\/news\/article-7902785\/Princess-Beatrice-forced-delay-wedding-date-announcement-wake-Megxit.html?ito=social-facebook&amp;fbclid=IwAR1sV0WA3Gg9biUDdGP7q7GFwrQXA5wVn2pdlaxAHfBLABN6-haqVa7QFdQ\">Daily Mail<\/a><\/span>, ajo kishte zgjedhur Kapel\u00ebn e Rojeve, n\u00eb Parkun e St James \u00e7ka rezultoi i pap\u00ebrshtatsh\u00ebm. <\/span><span style=\"color: #000000;\">N\u00eb p\u00ebrgjith\u00ebsi, vet\u00ebm pjes\u00ebtar\u00ebt aktual\u00eb t\u00eb sh\u00ebrbimit t\u00eb ushtris\u00eb dhe pasardh\u00ebsit e tyre t\u00eb drejtp\u00ebrdrejt\u00eb mund t\u00eb martohen n\u00eb k\u00ebt\u00eb vend, megjith\u00ebse mund t\u00eb b\u00ebhen p\u00ebrjashtime p\u00ebr civil\u00eb q\u00eb jan\u00eb shum\u00eb t\u00eb njohur p\u00ebr kish\u00ebn.<\/span><\/p>\n<p><span style=\"color: #000000;\">M\u00eb pas erdh\u00ebn zgjedhjet, Krishtlindjet dhe Viti i Ri dhe tani Beatri\u00e7e po p\u00ebrballet edhe me largimin e princit Harry dhe Meghan nga detyrat mbret\u00ebrore.<\/span><\/p>\n<p><span style=\"color: #000000;\"><span style=\"color: #0000ff;\"><a style=\"color: #0000ff;\" href=\"https:\/\/www.dailymail.co.uk\/news\/article-7902785\/Princess-Beatrice-forced-delay-wedding-date-announcement-wake-Megxit.html?ito=social-facebook&amp;fbclid=IwAR1sV0WA3Gg9biUDdGP7q7GFwrQXA5wVn2pdlaxAHfBLABN6-haqVa7QFdQ\">&#8220;Daily Mail&#8221;<\/a> <\/span>shkruan se dasma duhet t\u00eb planifikohet p\u00ebr &#8220;fillim t\u00eb ver\u00ebs&#8221; &#8211; por nuk ka asnj\u00eb dat\u00eb zyrtare. Dhe kush e di se \u00e7far\u00eb mund t\u00eb vij\u00eb deri at\u00ebher\u00eb nga Familja Mbret\u00ebrore?<\/span><\/p>\n<p><a href=\"https:\/\/hashtag.al\/wp-content\/uploads\/2019\/09\/beatrice-2.jpg\"><img loading=\"lazy\" decoding=\"async\" class=\"aligncenter size-full wp-image-324705\" src=\"https:\/\/hashtag.al\/wp-content\/uploads\/2019\/09\/beatrice-2.jpg\" alt=\"\" width=\"962\" height=\"962\" srcset=\"https:\/\/www.hashtag.al\/wp-content\/uploads\/2019\/09\/beatrice-2.jpg 962w, https:\/\/www.hashtag.al\/wp-content\/uploads\/2019\/09\/beatrice-2-150x150.jpg 150w, https:\/\/www.hashtag.al\/wp-content\/uploads\/2019\/09\/beatrice-2-300x300.jpg 300w, https:\/\/www.hashtag.al\/wp-content\/uploads\/2019\/09\/beatrice-2-768x768.jpg 768w, https:\/\/www.hashtag.al\/wp-content\/uploads\/2019\/09\/beatrice-2-120x120.jpg 120w\" sizes=\"auto, (max-width: 962px) 100vw, 962px\" \/><\/a><\/p>\n","protected":false,"gt_translate_keys":[{"key":"rendered","format":"html"}]},"excerpt":{"rendered":"<p>Drama &#8220;Megxit&#8221; ka l\u00ebn\u00eb nj\u00eb an\u00ebtar t\u00eb familjes Mbret\u00ebrore ve\u00e7an\u00ebrisht t\u00eb pak\u00ebnaqur &#8211; Princesh\u00ebn Beatrice. Kjo sepse nusja e ardhshme \u00ebsht\u00eb detyruar t\u00eb shtyj\u00eb p\u00ebrs\u00ebri zgjedhjen e dat\u00ebs s\u00eb dasm\u00ebs. Beatrice dhe i fejuari i saj Edo Mapelli Mozzi duhej t\u00eb prisnin nj\u00eb dat\u00eb me t\u00eb cil\u00ebn do binte dakord Mbret\u00ebresha, pastaj u detyrua t\u00eb [&hellip;]<\/p>\n","protected":false,"gt_translate_keys":[{"key":"rendered","format":"html"}]},"author":30,"featured_media":324705,"comment_status":"open","ping_status":"open","sticky":false,"template":"","format":"standard","meta":{"footnotes":""},"categories":[53],"tags":[],"class_list":["post-347666","post","type-post","status-publish","format-standard","has-post-thumbnail","hentry","category-fast-foodi"],"gt_translate_keys":[{"key":"link","format":"url"}],"_links":{"self":[{"href":"https:\/\/www.hashtag.al\/index.php\/wp-json\/wp\/v2\/posts\/347666","targetHints":{"allow":["GET"]}}],"collection":[{"href":"https:\/\/www.hashtag.al\/index.php\/wp-json\/wp\/v2\/posts"}],"about":[{"href":"https:\/\/www.hashtag.al\/index.php\/wp-json\/wp\/v2\/types\/post"}],"author":[{"embeddable":true,"href":"https:\/\/www.hashtag.al\/index.php\/wp-json\/wp\/v2\/users\/30"}],"replies":[{"embeddable":true,"href":"https:\/\/www.hashtag.al\/index.php\/wp-json\/wp\/v2\/comments?post=347666"}],"version-history":[{"count":0,"href":"https:\/\/www.hashtag.al\/index.php\/wp-json\/wp\/v2\/posts\/347666\/revisions"}],"wp:featuredmedia":[{"embeddable":true,"href":"https:\/\/www.hashtag.al\/index.php\/wp-json\/wp\/v2\/media\/324705"}],"wp:attachment":[{"href":"https:\/\/www.hashtag.al\/index.php\/wp-json\/wp\/v2\/media?parent=347666"}],"wp:term":[{"taxonomy":"category","embeddable":true,"href":"https:\/\/www.hashtag.al\/index.php\/wp-json\/wp\/v2\/categories?post=347666"},{"taxonomy":"post_tag","embeddable":true,"href":"https:\/\/www.hashtag.al\/index.php\/wp-json\/wp\/v2\/tags?post=347666"}],"curies":[{"name":"wp","href":"https:\/\/api.w.org\/{rel}","templated":true}]}}