{"id":347503,"date":"2020-01-18T12:09:52","date_gmt":"2020-01-18T11:09:52","guid":{"rendered":"https:\/\/hashtag.al\/?p=347503"},"modified":"2020-01-18T12:39:02","modified_gmt":"2020-01-18T11:39:02","slug":"lulzim-basha-ben-desada-metajn-numrin-2-te-pd-se","status":"publish","type":"post","link":"https:\/\/www.hashtag.al\/index.php\/2020\/01\/18\/lulzim-basha-ben-desada-metajn-numrin-2-te-pd-se\/","title":{"rendered":"Lulzim Basha b\u00ebn Desada Metajn numrin 2 t\u00eb PD-s\u00eb","gt_translate_keys":[{"key":"rendered","format":"text"}]},"content":{"rendered":"<div dir=\"auto\"><span style=\"color: #000000;\"><a style=\"color: #000000;\" href=\"https:\/\/hashtag.al\/wp-content\/uploads\/2020\/01\/Basha-Metaj-1.jpg\"><img loading=\"lazy\" decoding=\"async\" class=\"aligncenter wp-image-347507 size-full\" src=\"https:\/\/hashtag.al\/wp-content\/uploads\/2020\/01\/Basha-Metaj-1.jpg\" alt=\"\" width=\"1222\" height=\"1209\" srcset=\"https:\/\/www.hashtag.al\/wp-content\/uploads\/2020\/01\/Basha-Metaj-1.jpg 1222w, https:\/\/www.hashtag.al\/wp-content\/uploads\/2020\/01\/Basha-Metaj-1-300x297.jpg 300w, https:\/\/www.hashtag.al\/wp-content\/uploads\/2020\/01\/Basha-Metaj-1-768x760.jpg 768w, https:\/\/www.hashtag.al\/wp-content\/uploads\/2020\/01\/Basha-Metaj-1-1024x1013.jpg 1024w, https:\/\/www.hashtag.al\/wp-content\/uploads\/2020\/01\/Basha-Metaj-1-120x120.jpg 120w\" sizes=\"auto, (max-width: 1222px) 100vw, 1222px\" \/><\/a><\/span><br \/>\n<span style=\"color: #000000;\">Largimi nga emisioni &#8220;Opinion&#8221; i Desada Metajt dhe bashkimi me ekipin e Lulzim Bash\u00ebs nuk p\u00ebrb\u00ebn ndonj\u00eb supriz\u00eb p\u00ebr shumic\u00ebn e gazetar\u00ebve.\u00a0 Atyre nuk u kan\u00eb shp\u00ebtuar hyrje-daljet e shpeshta t\u00eb Desad\u00ebs n\u00eb zyr\u00ebn e kreut demokrat dhe as afrimi i saj me familjen biologjike t\u00eb Bash\u00ebs. Lajmi q\u00ebndron tek detyra q\u00eb i \u00ebsht\u00eb ngarkuar Desad\u00ebs prej Kryetarit t\u00eb Partis\u00eb Demokratike. &#8220;De facto&#8221; numri dy i PD-s\u00eb.<\/span><\/div>\n<div dir=\"auto\"><\/div>\n<div dir=\"auto\"><span style=\"color: #000000;\">Metaj do t\u00eb drejtoj\u00eb nj\u00eb zyr\u00eb komunikimi private t\u00eb Lulzim Bash\u00ebs, jasht\u00eb Partis\u00eb Demokratike, i cili ka p\u00ebr q\u00ebllim t\u00eb kontrolloj\u00eb t\u00eb gjith\u00eb propagand\u00ebn e Bash\u00ebs duke p\u00ebrfshir\u00eb edhe kund\u00ebrpropagand\u00ebn ndaj sulmeve dhe kritik\u00ebve t\u00eb imazhit dhe autoritetit t\u00eb tij. Zyra q\u00eb do t\u00eb drejtoj\u00eb Metaj do t\u00eb koordinoj\u00eb dhe bashk\u00ebpunoj\u00eb ngusht\u00eb me nj\u00eb ekip <span style=\"color: #0000ff;\"><em><a style=\"color: #0000ff;\" href=\"https:\/\/il.linkedin.com\/in\/adi-timor-b4629350\">konsulent\u00ebsh politik\u00eb izraelit\u00eb<\/a><\/em><\/span>, q\u00eb jan\u00eb kontraktuar nga Basha dhe q\u00eb jan\u00eb vendosur prej disa dit\u00ebsh n\u00eb Shqip\u00ebri, ku do t\u00eb q\u00ebndrojn\u00eb deri n\u00eb zgjedhjet e ardhshme.<\/span><\/div>\n<div dir=\"auto\"><\/div>\n<div dir=\"auto\"><span style=\"color: #000000;\">Metaj do t\u00eb mbaj\u00eb titullin zyrtar Shefe e P\u00ebrgjithshme e Komunikimit t\u00eb Kryetarit t\u00eb PD-s\u00eb dhe do t\u00eb jet\u00eb ajo q\u00eb do t\u00eb vendos\u00eb dhe kontrolloj\u00eb p\u00ebrzgjedhjen, prodhimin dhe shp\u00ebrndarjen e propagand\u00ebs pro Bash\u00ebs dhe kund\u00ebr kund\u00ebrshtar\u00ebve apo kritik\u00ebve t\u00eb Bash\u00ebs. Ndikimi i saj n\u00eb propagand\u00ebn e PD-s\u00eb ka filluar t\u00eb ndihet menj\u00ebher\u00eb si\u00e7 u pa n\u00eb sulmet e suksesshme q\u00eb Basha dhe analist\u00ebt pran\u00eb tij u b\u00ebn\u00eb \u201crevolucionar\u00ebve\u201d, \u201cnaiv\u00ebve\u201d \u201cjorealist\u00ebve\u201d n\u00eb media dhe publik, q\u00eb duke sh\u00ebrbyer si \u201cpaterica t\u00eb Ram\u00ebs\u201d, kritikuan marr\u00ebveshjen Gjiknuri-Bylykbashi-Vasili-<wbr \/>Hajdari, p\u00ebr t\u00eb b\u00ebr\u00eb nj\u00eb marr\u00ebveshje t\u00eb re Rama-Basha.<\/span><\/div>\n<div dir=\"auto\"><\/div>\n<div dir=\"auto\"><span style=\"color: #000000;\">Por p\u00ebrve\u00e7 p\u00ebrgatitjes dhe koordinimit t\u00eb sulmeve ndaj kund\u00ebrshtar\u00ebve t\u00eb Bash\u00ebs, Metaj do t\u00eb mbaj\u00eb, n\u00eb em\u00ebr t\u00eb Bash\u00ebs, kontaktet me mediat dhe njer\u00ebzit kryesor\u00eb t\u00eb mediave n\u00eb vend, me q\u00ebllim p\u00ebrmir\u00ebsimin e mbulimit t\u00eb Bash\u00ebs prej tyre dhe n\u00eb p\u00ebrgjith\u00ebsi p\u00ebrmir\u00ebsimit t\u00eb imazhit t\u00eb Bash\u00ebs n\u00eb media.<\/span><\/div>\n<div dir=\"auto\"><\/div>\n<div dir=\"auto\"><span style=\"color: #000000;\">Zyra do t\u00eb p\u00ebrdor\u00eb si kanale zyrtare dhe t\u00eb identifikuara, ashtu edhe kanale private dhe anonime p\u00ebr t\u00eb kanalizuar propagand\u00ebn, p\u00ebrfshi krijimin e portaleve anonime dhe profileve fallco n\u00eb rrjetet sociale, operacione k\u00ebto tipike p\u00ebr \u00e7do operacion politik propagande. I gjith\u00eb funksionimi i Zyr\u00ebs s\u00eb Komunikimit q\u00eb do t\u00eb drejtoj\u00eb Metaj \u00ebsht\u00eb konceptuar si nj\u00eb operacion privat, q\u00eb nuk duhet t\u00eb asociohet me Partin\u00eb Demokratike, me q\u00ebllim p\u00ebr t\u00eb dh\u00ebn\u00eb n\u00eb publik iden\u00eb se produktet e k\u00ebtij operacioni jan\u00eb t\u00eb pavarur, jan\u00eb nga intelektual\u00eb dhe opinionist\u00eb indipendent\u00eb dhe qytetar\u00eb jopartiak\u00eb. Kjo do t\u00eb forcoj\u00eb iden\u00eb se mb\u00ebshtetja e kreut t\u00eb opozit\u00ebs n\u00eb zon\u00ebn gri t\u00eb elektoratit, \u00ebsht\u00eb n\u00eb rritje t\u00eb vazhdueshme, nd\u00ebrkoh\u00eb q\u00eb kund\u00ebrshtar\u00ebt e tij dhe vet\u00eb Edi Rama jan\u00eb n\u00eb presion t\u00eb vazhduesh\u00ebm nga z\u00ebrat objektiv\u00eb dhe t\u00eb paansh\u00ebm.<\/span><\/div>\n<div dir=\"auto\"><\/div>\n<div dir=\"auto\"><span style=\"color: #000000;\">P\u00ebr k\u00ebt\u00eb q\u00ebllim zyra e komunikimit \u00ebsht\u00eb vendosur jasht\u00eb godin\u00ebs s\u00eb PD-s\u00eb, pran\u00eb zon\u00ebs s\u00eb shtrenjt\u00eb tek ish-Garda. Me p\u00ebrjashtim t\u00eb Metajt, e cila u kujdes vet\u00eb t\u00eb publikonte edhe lajmin p\u00ebr kthimin n\u00eb PD, asnj\u00eb punonj\u00ebs tjet\u00ebr i zyr\u00ebs nuk do t\u00eb ket\u00eb lidhje me PD-n\u00eb dhe zyrtar\u00ebt e saj. Zyra do t\u00eb financohet nga burime t\u00eb fshehta, q\u00eb nuk do t\u00eb deklarohen zyrtarisht, si\u00e7 b\u00ebjn\u00eb n\u00eb fakt t\u00eb gjitha partit\u00eb politike.<\/span><\/div>\n<div dir=\"auto\"><\/div>\n<div dir=\"auto\"><span style=\"color: #000000;\">P\u00ebr t\u00eb dh\u00ebn\u00eb iden\u00eb e pavar\u00ebsis\u00eb nga PD t\u00eb operacionit propagandistik, Desada Metaj, e cila drejton k\u00ebt\u00eb operacion t\u00eb nd\u00ebrlikuar, ka p\u00ebrzgjedhur dhe ka marr\u00eb miratimin e Lulzim Bash\u00ebs p\u00ebr nj\u00eb ekip, q\u00eb jep n\u00eb dukje iden\u00eb e njer\u00ebzve t\u00eb pavarur dhe objektiv\u00eb.\u00a0<\/span><\/div>\n<div dir=\"auto\"><\/div>\n<div dir=\"auto\"><span style=\"color: #000000;\"><a style=\"color: #000000;\" href=\"https:\/\/hashtag.al\/wp-content\/uploads\/2020\/01\/83079553_478321826423645_3907855975146586112_n.jpg\"><img loading=\"lazy\" decoding=\"async\" class=\"alignright size-medium wp-image-347514\" src=\"https:\/\/hashtag.al\/wp-content\/uploads\/2020\/01\/83079553_478321826423645_3907855975146586112_n-300x172.jpg\" alt=\"\" width=\"300\" height=\"172\" srcset=\"https:\/\/www.hashtag.al\/wp-content\/uploads\/2020\/01\/83079553_478321826423645_3907855975146586112_n-300x172.jpg 300w, https:\/\/www.hashtag.al\/wp-content\/uploads\/2020\/01\/83079553_478321826423645_3907855975146586112_n.jpg 488w\" sizes=\"auto, (max-width: 300px) 100vw, 300px\" \/><\/a>I pun\u00ebsuari i par\u00eb i ekipit t\u00eb Metajt \u00ebsht\u00eb Fitim Zekthi, aktualisht k\u00ebshilltar i Kryetarit t\u00eb Partis\u00eb Demokratike dhe ish-kandidati p\u00ebr deputet n\u00eb zon\u00ebn e Elbasanit, i cili njihet p\u00ebr shkrimet e tij entuziaste dhe brohorit\u00ebse p\u00ebr zotin Basha. Jav\u00ebt e fundit ai ka ngritur dhe shpjeguar publikut nj\u00eb s\u00ebr\u00eb tezash t\u00eb nd\u00ebrlikuara filozofiko-politike p\u00ebr arritjet e Bash\u00ebs gjat\u00eb vitit q\u00eb shkoi, e sidomos suksesin e jasht\u00ebzakonsh\u00ebm t\u00eb Bash\u00ebs q\u00eb arriti ta bind\u00eb Ram\u00ebn se duhet t\u00eb ket\u00eb nj\u00eb marr\u00ebveshje t\u00eb re Rama-Basha.<\/span><\/div>\n<div dir=\"auto\"><\/div>\n<div dir=\"auto\"><span style=\"color: #000000;\"><a style=\"color: #000000;\" href=\"https:\/\/hashtag.al\/wp-content\/uploads\/2020\/01\/82372742_2478966139098444_2068276127415140352_n.jpg\"><img loading=\"lazy\" decoding=\"async\" class=\"alignright size-medium wp-image-347515\" src=\"https:\/\/hashtag.al\/wp-content\/uploads\/2020\/01\/82372742_2478966139098444_2068276127415140352_n-300x153.jpg\" alt=\"\" width=\"300\" height=\"153\" \/><\/a>An\u00ebtari tjet\u00ebr i ekipit t\u00eb Metajt \u00ebsht\u00eb sociologu Ergys M\u00ebrtiri, i cili \u00ebsht\u00eb dalluar n\u00eb publik p\u00ebr diskutime temash sociale. Pas marrjes s\u00eb detyr\u00ebs, M\u00ebrtiri ka q\u00ebn\u00eb shum\u00eb aktiv n\u00eb mbrojtjen publike t\u00eb vendimeve dhe q\u00ebndrimeve t\u00eb Bash\u00ebs dhe s\u00eb bashku me Zekthin, do t\u00eb jen\u00eb dy figurat kryesore \u201ct\u00eb pavarura\u201d intelektuale n\u00eb mb\u00ebshtetje t\u00eb Bash\u00ebs.<\/span><\/div>\n<div dir=\"auto\"><\/div>\n<div dir=\"auto\"><span style=\"color: #000000;\">An\u00ebtari i tret\u00eb i p\u00ebrzgjedhur nga Metaj nuk \u00ebsht\u00eb i njohur n\u00eb publik. Ai \u00a0quhet Xhodi Hysa, me profesion financier, por q\u00eb njihet nga njer\u00ebzit e medias me profilin e rrem\u00eb n\u00eb Facebook, Jozef Shvejk, p\u00ebrmes t\u00eb cilit ka sulmuar ashp\u00ebr 2 vjet m\u00eb par\u00eb \u00a0Lulzim Bash\u00ebn, bashk\u00ebshorten dhe kunatin e tij (<span style=\"color: #0000ff;\"><a style=\"color: #0000ff;\" href=\"https:\/\/hashtag.al\/wp-content\/uploads\/2020\/01\/ODF-Ok.pdf\"><strong><em>Lexo k\u00ebtu<\/em><\/strong><\/a><\/span>).\u00a0 <a style=\"color: #000000;\" href=\"https:\/\/hashtag.al\/wp-content\/uploads\/2020\/01\/82500390_286077079019970_8177823546416824320_n.jpg\"><img loading=\"lazy\" decoding=\"async\" class=\"alignright size-medium wp-image-347516\" src=\"https:\/\/hashtag.al\/wp-content\/uploads\/2020\/01\/82500390_286077079019970_8177823546416824320_n-261x300.jpg\" alt=\"\" width=\"261\" height=\"300\" srcset=\"https:\/\/www.hashtag.al\/wp-content\/uploads\/2020\/01\/82500390_286077079019970_8177823546416824320_n-261x300.jpg 261w, https:\/\/www.hashtag.al\/wp-content\/uploads\/2020\/01\/82500390_286077079019970_8177823546416824320_n-768x882.jpg 768w, https:\/\/www.hashtag.al\/wp-content\/uploads\/2020\/01\/82500390_286077079019970_8177823546416824320_n-891x1024.jpg 891w, https:\/\/www.hashtag.al\/wp-content\/uploads\/2020\/01\/82500390_286077079019970_8177823546416824320_n.jpg 1242w\" sizes=\"auto, (max-width: 261px) 100vw, 261px\" \/><\/a>Ai ka qen\u00eb student i Jorida Tabakut, e cila e pun\u00ebsoi at\u00eb n\u00eb bashkin\u00eb Tiran\u00eb, kur ishte n\u00ebnkryetare. Xhodi Hysa ka b\u00ebr\u00eb fotografin personal t\u00eb Tabakut, duke e shoq\u00ebruar at\u00eb n\u00eb t\u00eb gjitha aktivitet e saj publike, brenda dhe jasht\u00eb Parlamentit. Afrimi i Xhodi Hys\u00ebs me Desada Metajn ndodhi kur ai ishte nj\u00eb nga administrator\u00ebt e faqes anonime Lolita, n\u00eb t\u00eb cil\u00ebn jan\u00eb goditur shpesh Basha dhe bashk\u00ebpun\u00ebtor\u00eb t\u00eb tij.\u00a0<\/span><\/div>\n<div dir=\"auto\"><\/div>\n<div dir=\"auto\"><span style=\"color: #000000;\">T\u00eb kat\u00ebrt, Metaj, Zekthi, M\u00ebrtiri dhe Hysa kan\u00eb marr\u00eb premtimin nga Basha se do t\u00eb jen\u00eb n\u00eb vend t\u00eb sigurt\u00eb n\u00eb list\u00ebn e kandidat\u00ebve t\u00eb PD-s\u00eb n\u00eb zgjedhjet e ardhshme.\u00a0<\/span><\/div>\n<div dir=\"auto\"><span style=\"color: #000000;\">K\u00ebtij grupi do t\u2019i shtohen an\u00ebtar\u00eb t\u00eb rinj n\u00eb dit\u00ebt e ardhshme, duke qen\u00eb se Metaj \u00ebsht\u00eb duke i prezantuar Bash\u00ebs individ\u00eb t\u00eb tjer\u00eb q\u00eb mund t\u00eb punojn\u00eb n\u00eb ekipin e saj. <em><strong>\/ Hashtag.al<\/strong><\/em><\/span><\/div>\n","protected":false,"gt_translate_keys":[{"key":"rendered","format":"html"}]},"excerpt":{"rendered":"<p>Largimi nga emisioni &#8220;Opinion&#8221; i Desada Metajt dhe bashkimi me ekipin e Lulzim Bash\u00ebs nuk p\u00ebrb\u00ebn ndonj\u00eb supriz\u00eb p\u00ebr shumic\u00ebn e gazetar\u00ebve.\u00a0 Atyre nuk u kan\u00eb shp\u00ebtuar hyrje-daljet e shpeshta t\u00eb Desad\u00ebs n\u00eb zyr\u00ebn e kreut demokrat dhe as afrimi i saj me familjen biologjike t\u00eb Bash\u00ebs. Lajmi q\u00ebndron tek detyra q\u00eb i \u00ebsht\u00eb ngarkuar [&hellip;]<\/p>\n","protected":false,"gt_translate_keys":[{"key":"rendered","format":"html"}]},"author":4,"featured_media":347510,"comment_status":"open","ping_status":"open","sticky":false,"template":"","format":"standard","meta":{"footnotes":""},"categories":[22,11],"tags":[],"class_list":["post-347503","post","type-post","status-publish","format-standard","has-post-thumbnail","hentry","category-ballina","category-super-click"],"gt_translate_keys":[{"key":"link","format":"url"}],"_links":{"self":[{"href":"https:\/\/www.hashtag.al\/index.php\/wp-json\/wp\/v2\/posts\/347503","targetHints":{"allow":["GET"]}}],"collection":[{"href":"https:\/\/www.hashtag.al\/index.php\/wp-json\/wp\/v2\/posts"}],"about":[{"href":"https:\/\/www.hashtag.al\/index.php\/wp-json\/wp\/v2\/types\/post"}],"author":[{"embeddable":true,"href":"https:\/\/www.hashtag.al\/index.php\/wp-json\/wp\/v2\/users\/4"}],"replies":[{"embeddable":true,"href":"https:\/\/www.hashtag.al\/index.php\/wp-json\/wp\/v2\/comments?post=347503"}],"version-history":[{"count":0,"href":"https:\/\/www.hashtag.al\/index.php\/wp-json\/wp\/v2\/posts\/347503\/revisions"}],"wp:featuredmedia":[{"embeddable":true,"href":"https:\/\/www.hashtag.al\/index.php\/wp-json\/wp\/v2\/media\/347510"}],"wp:attachment":[{"href":"https:\/\/www.hashtag.al\/index.php\/wp-json\/wp\/v2\/media?parent=347503"}],"wp:term":[{"taxonomy":"category","embeddable":true,"href":"https:\/\/www.hashtag.al\/index.php\/wp-json\/wp\/v2\/categories?post=347503"},{"taxonomy":"post_tag","embeddable":true,"href":"https:\/\/www.hashtag.al\/index.php\/wp-json\/wp\/v2\/tags?post=347503"}],"curies":[{"name":"wp","href":"https:\/\/api.w.org\/{rel}","templated":true}]}}