{"id":347492,"date":"2020-01-18T10:41:24","date_gmt":"2020-01-18T09:41:24","guid":{"rendered":"https:\/\/hashtag.al\/?p=347492"},"modified":"2020-01-18T10:41:24","modified_gmt":"2020-01-18T09:41:24","slug":"perifrazoi-fjalet-e-goebbels-it-ministri-brazilian-shkarkohet-nga-detyra","status":"publish","type":"post","link":"https:\/\/www.hashtag.al\/index.php\/2020\/01\/18\/perifrazoi-fjalet-e-goebbels-it-ministri-brazilian-shkarkohet-nga-detyra\/","title":{"rendered":"Perifrazoi fjal\u00ebt e Goebbels-it, ministri brazilian shkarkohet nga detyra","gt_translate_keys":[{"key":"rendered","format":"text"}]},"content":{"rendered":"<p><a href=\"https:\/\/hashtag.al\/wp-content\/uploads\/2020\/01\/Alvim.jpg\"><img loading=\"lazy\" decoding=\"async\" class=\"aligncenter size-full wp-image-347493\" src=\"https:\/\/hashtag.al\/wp-content\/uploads\/2020\/01\/Alvim.jpg\" alt=\"\" width=\"620\" height=\"372\" srcset=\"https:\/\/www.hashtag.al\/wp-content\/uploads\/2020\/01\/Alvim.jpg 620w, https:\/\/www.hashtag.al\/wp-content\/uploads\/2020\/01\/Alvim-300x180.jpg 300w\" sizes=\"auto, (max-width: 620px) 100vw, 620px\" \/><\/a><\/p>\n<p><span style=\"color: #000000;\">Ministri brazilian i kultur\u00ebs, Roberto Alvim, \u00ebsht\u00eb shkarkuar nga detyra p\u00ebr shkak se parafrazonte ish-ministrin gjerman p\u00ebr propagand\u00eb n\u00eb qeverin\u00eb e Hitlerit, Joseph Goebbels.<\/span><\/p>\n<p><span style=\"color: #000000;\">Nd\u00ebrsa promovonte nj\u00eb \u00e7mim komb\u00ebtar t\u00eb arteve, Alvim shprehej: <em>&#8220;Arti brazilian n\u00eb dekad\u00ebn e ardhshme do t\u00eb jet\u00eb heroik dhe komb\u00ebtar&#8221;.<\/em><\/span><\/p>\n<p><span style=\"color: #000000;\">Ai tha p\u00ebr muzik\u00ebn nga Whengner&#8217;s Lohengrin, se ishte opera e preferuar e Hitlerit, me nj\u00eb portret t\u00eb presidentit t\u00eb djatht\u00eb ekstrem, Jair Bolsonaro, dhe nj\u00eb flamur brazilian n\u00eb background.<\/span><\/p>\n<p><span style=\"color: #000000;\">Alvim shtoi se: <em>&#8220;Ai do t\u00eb jet\u00eb i pajisur me nj\u00eb kapacitet t\u00eb madh p\u00ebr p\u00ebrfshirje emocionale dhe do t\u00eb jet\u00eb po aq i domosdosh\u00ebm, sepse \u00ebsht\u00eb thell\u00ebsisht i lidhur me aspiratat urgjente t\u00eb popullit ton\u00eb, n\u00eb t\u00eb kund\u00ebrt\u00ebn nuk do t\u00eb jet\u00eb asgj\u00eb\u201d.<\/em><\/span><\/p>\n<p><span style=\"color: #000000;\">Mir\u00ebpo si\u00e7 shkruan<span style=\"color: #0000ff;\"><a style=\"color: #0000ff;\" href=\"https:\/\/www.theguardian.com\/world\/2020\/jan\/17\/brazil-culture-minister-goebbels-roberto-alvim-nazi\"> The Guardian<\/a><\/span>, k\u00ebto fjal\u00eb jan\u00eb mjaft t\u00eb ngjashme me fjalimin q\u00eb e kishte mbajtur ministri i Hitlerit n\u00eb vitin 1933 para nj\u00eb grupi menaxher\u00ebsh dhe drejtor\u00ebsh t\u00eb teatrove.<\/span><\/p>\n<p><span style=\"color: #000000;\">Ai kishte th\u00ebn\u00eb:<em> \u201cArti gjerman n\u00eb dekad\u00ebn e ardhshme do t\u00eb jet\u00eb heroik, i sert\u00eb, por romantik, faktik, pa sentimentaliz\u00ebm. Ai do t\u00eb jet\u00eb nacionalist me nj\u00eb thell\u00ebsi t\u00eb madhe t\u00eb ndjenjave, do t\u00eb jet\u00eb i detyruesh\u00ebm dhe do t\u2019i bashkoj\u00eb njer\u00ebzit, n\u00eb t\u00eb kund\u00ebrt\u00ebn do t\u00eb pushoj\u00eb s\u00eb ekzistuari.\u201d<\/em><\/span><\/p>\n<p><span style=\"color: #000000;\">N\u00eb Facebook, Alvim thjesht e klasifikoi fraz\u00ebn si nj\u00eb <em>&#8220;rast\u00ebsi retorike&#8221;<\/em> duke mohuar se \u00ebsht\u00eb frym\u00ebzuar nga Hitleri apo ministri i tij.<\/span><\/p>\n<p><span style=\"color: #000000;\">Q\u00eb nga marrja e detyr\u00ebs vitin e kaluar, Bolsonaro \u00ebsht\u00eb kritikuar n\u00eb m\u00ebnyr\u00eb t\u00eb p\u00ebrs\u00ebritur nga kund\u00ebrshtar\u00ebt p\u00ebr shtytjen e nj\u00eb axhende konservatore kulturore t\u00eb krishter\u00eb.<\/span><\/p>\n","protected":false,"gt_translate_keys":[{"key":"rendered","format":"html"}]},"excerpt":{"rendered":"<p>Ministri brazilian i kultur\u00ebs, Roberto Alvim, \u00ebsht\u00eb shkarkuar nga detyra p\u00ebr shkak se parafrazonte ish-ministrin gjerman p\u00ebr propagand\u00eb n\u00eb qeverin\u00eb e Hitlerit, Joseph Goebbels. Nd\u00ebrsa promovonte nj\u00eb \u00e7mim komb\u00ebtar t\u00eb arteve, Alvim shprehej: &#8220;Arti brazilian n\u00eb dekad\u00ebn e ardhshme do t\u00eb jet\u00eb heroik dhe komb\u00ebtar&#8221;. Ai tha p\u00ebr muzik\u00ebn nga Whengner&#8217;s Lohengrin, se ishte opera [&hellip;]<\/p>\n","protected":false,"gt_translate_keys":[{"key":"rendered","format":"html"}]},"author":30,"featured_media":347493,"comment_status":"open","ping_status":"open","sticky":false,"template":"","format":"standard","meta":{"footnotes":""},"categories":[6],"tags":[],"class_list":["post-347492","post","type-post","status-publish","format-standard","has-post-thumbnail","hentry","category-nderkombetare"],"gt_translate_keys":[{"key":"link","format":"url"}],"_links":{"self":[{"href":"https:\/\/www.hashtag.al\/index.php\/wp-json\/wp\/v2\/posts\/347492","targetHints":{"allow":["GET"]}}],"collection":[{"href":"https:\/\/www.hashtag.al\/index.php\/wp-json\/wp\/v2\/posts"}],"about":[{"href":"https:\/\/www.hashtag.al\/index.php\/wp-json\/wp\/v2\/types\/post"}],"author":[{"embeddable":true,"href":"https:\/\/www.hashtag.al\/index.php\/wp-json\/wp\/v2\/users\/30"}],"replies":[{"embeddable":true,"href":"https:\/\/www.hashtag.al\/index.php\/wp-json\/wp\/v2\/comments?post=347492"}],"version-history":[{"count":0,"href":"https:\/\/www.hashtag.al\/index.php\/wp-json\/wp\/v2\/posts\/347492\/revisions"}],"wp:featuredmedia":[{"embeddable":true,"href":"https:\/\/www.hashtag.al\/index.php\/wp-json\/wp\/v2\/media\/347493"}],"wp:attachment":[{"href":"https:\/\/www.hashtag.al\/index.php\/wp-json\/wp\/v2\/media?parent=347492"}],"wp:term":[{"taxonomy":"category","embeddable":true,"href":"https:\/\/www.hashtag.al\/index.php\/wp-json\/wp\/v2\/categories?post=347492"},{"taxonomy":"post_tag","embeddable":true,"href":"https:\/\/www.hashtag.al\/index.php\/wp-json\/wp\/v2\/tags?post=347492"}],"curies":[{"name":"wp","href":"https:\/\/api.w.org\/{rel}","templated":true}]}}