{"id":347489,"date":"2020-01-18T10:14:06","date_gmt":"2020-01-18T09:14:06","guid":{"rendered":"https:\/\/hashtag.al\/?p=347489"},"modified":"2020-01-18T10:14:52","modified_gmt":"2020-01-18T09:14:52","slug":"khamenei-e-quajti-klloun-trump-e-paralajmeron-kujdes-me-fjalet","status":"publish","type":"post","link":"https:\/\/www.hashtag.al\/index.php\/2020\/01\/18\/khamenei-e-quajti-klloun-trump-e-paralajmeron-kujdes-me-fjalet\/","title":{"rendered":"Khamenei e quajti klloun, Trump e paralajm\u00ebron: Kujdes me fjal\u00ebt","gt_translate_keys":[{"key":"rendered","format":"text"}]},"content":{"rendered":"<p><a href=\"https:\/\/hashtag.al\/wp-content\/uploads\/2020\/01\/trump-khamenei.jpg\"><img loading=\"lazy\" decoding=\"async\" class=\"aligncenter size-full wp-image-347368\" src=\"https:\/\/hashtag.al\/wp-content\/uploads\/2020\/01\/trump-khamenei.jpg\" alt=\"\" width=\"992\" height=\"558\" srcset=\"https:\/\/www.hashtag.al\/wp-content\/uploads\/2020\/01\/trump-khamenei.jpg 992w, https:\/\/www.hashtag.al\/wp-content\/uploads\/2020\/01\/trump-khamenei-300x169.jpg 300w, https:\/\/www.hashtag.al\/wp-content\/uploads\/2020\/01\/trump-khamenei-768x432.jpg 768w\" sizes=\"auto, (max-width: 992px) 100vw, 992px\" \/><\/a><\/p>\n<p><span style=\"color: #000000;\">Pas sulmeve t\u00eb liderit suprem t\u00eb Iranit, presidenti amerikan Donald Trump i ka k\u00ebrkuar atij t\u00eb b\u00ebj\u00eb kujdes. N\u00eb nj\u00eb reagim n\u00eb &#8220;T\u00ebitter&#8221;, Trump i kujton Hkamenei-t se ekonomia e Iranit po shkat\u00ebrrohet p\u00ebr shkak t\u00eb sanksioneve t\u00eb per\u00ebndimit dhe ai duhet t\u00eb b\u00ebj\u00eb kujdes me fjal\u00ebt.<\/span><\/p>\n<p><span style=\"color: #000000;\"><em>\u00a0\u201cI ashtuquajturi \u2018Lider Suprem\u2019 i Iranit, i cili nuk ka qen\u00eb aq suprem koh\u00ebt e fundit, ka th\u00ebn\u00eb disa gj\u00ebra t\u00eb pista p\u00ebr ShBA-t\u00eb dhe Evrop\u00ebn. Ekonomia e tyre po shkat\u00ebrrohet dhe njer\u00ebzit po vuajn\u00eb. Ai duhet t\u00eb jet\u00eb i kujdessh\u00ebm me fjal\u00ebt.\u201d<\/em>,\u00a0shkruan Trump.<\/span><\/p>\n<p><span style=\"color: #000000;\">Lideri suprem i Iranit, Ajatollahu Ali Khamenei u shpreh nj\u00eb dit\u00eb m\u00eb par\u00eb se me sulmet kund\u00ebr bazave amerikane, Irani tregoi se ka mb\u00ebshtetjen hyjnore p\u00ebr t\u2019i dh\u00ebn\u00eb nj\u00eb shuplak\u00eb n\u00eb fytyr\u00eb, nj\u00eb fuqie bot\u00ebrore.<\/span><\/p>\n<p><span style=\"color: #000000;\"><em>\u201cFakti se Irani ka fuqin\u00eb p\u00ebr t\u2019i dh\u00ebn\u00eb nj\u00eb goditje t\u00eb till\u00eb nj\u00eb fuqie bot\u00ebrore, tregon se k\u00ebtu \u00ebsht\u00eb dora e Zotit\u201d<\/em>, tha ai.<\/span><\/p>\n<p><span style=\"color: #000000;\">Khamenei akuzoi armiqt\u00eb e Iranit p\u00ebr shfryt\u00ebzim t\u00eb tragjedis\u00eb p\u00ebr t\u00eb v\u00ebn\u00eb n\u00eb pik\u00ebpyetje Republik\u00ebn Islamike, Gard\u00ebn Revolucionare Islamike dhe forcat e armatosura, teksa\u00a0sulmoi edhe nj\u00eb her\u00eb, Presidentin Donald Trump dhe Sekretarin e Shtetit Mike Pompeo, t\u00eb cil\u00ebt u shpreh\u00ebn n\u00eb rrjetet sociale se mb\u00ebshtesnin protestuesit iranian\u00eb.<\/span><\/p>\n<p><span style=\"color: #000000;\"><em>\u201cKloun\u00ebt amerikan\u00eb g\u00ebnjejn\u00eb dhe shtiren sikur mb\u00ebshtesin popullin iranian\u201d,<\/em> tha ai.<\/span><\/p>\n<p><span style=\"color: #000000;\">Irani po p\u00ebrballet me protesta t\u00eb vazhdueshme nga qytetar\u00ebt e zem\u00ebruar p\u00ebr rr\u00ebzimin e avionit ukrainas me 176 pasagjer\u00eb.<\/span><\/p>\n","protected":false,"gt_translate_keys":[{"key":"rendered","format":"html"}]},"excerpt":{"rendered":"<p>Pas sulmeve t\u00eb liderit suprem t\u00eb Iranit, presidenti amerikan Donald Trump i ka k\u00ebrkuar atij t\u00eb b\u00ebj\u00eb kujdes. N\u00eb nj\u00eb reagim n\u00eb &#8220;T\u00ebitter&#8221;, Trump i kujton Hkamenei-t se ekonomia e Iranit po shkat\u00ebrrohet p\u00ebr shkak t\u00eb sanksioneve t\u00eb per\u00ebndimit dhe ai duhet t\u00eb b\u00ebj\u00eb kujdes me fjal\u00ebt. \u00a0\u201cI ashtuquajturi \u2018Lider Suprem\u2019 i Iranit, i cili [&hellip;]<\/p>\n","protected":false,"gt_translate_keys":[{"key":"rendered","format":"html"}]},"author":30,"featured_media":347368,"comment_status":"open","ping_status":"open","sticky":false,"template":"","format":"standard","meta":{"footnotes":""},"categories":[6,13],"tags":[],"class_list":["post-347489","post","type-post","status-publish","format-standard","has-post-thumbnail","hentry","category-nderkombetare","category-te-fundit"],"gt_translate_keys":[{"key":"link","format":"url"}],"_links":{"self":[{"href":"https:\/\/www.hashtag.al\/index.php\/wp-json\/wp\/v2\/posts\/347489","targetHints":{"allow":["GET"]}}],"collection":[{"href":"https:\/\/www.hashtag.al\/index.php\/wp-json\/wp\/v2\/posts"}],"about":[{"href":"https:\/\/www.hashtag.al\/index.php\/wp-json\/wp\/v2\/types\/post"}],"author":[{"embeddable":true,"href":"https:\/\/www.hashtag.al\/index.php\/wp-json\/wp\/v2\/users\/30"}],"replies":[{"embeddable":true,"href":"https:\/\/www.hashtag.al\/index.php\/wp-json\/wp\/v2\/comments?post=347489"}],"version-history":[{"count":0,"href":"https:\/\/www.hashtag.al\/index.php\/wp-json\/wp\/v2\/posts\/347489\/revisions"}],"wp:featuredmedia":[{"embeddable":true,"href":"https:\/\/www.hashtag.al\/index.php\/wp-json\/wp\/v2\/media\/347368"}],"wp:attachment":[{"href":"https:\/\/www.hashtag.al\/index.php\/wp-json\/wp\/v2\/media?parent=347489"}],"wp:term":[{"taxonomy":"category","embeddable":true,"href":"https:\/\/www.hashtag.al\/index.php\/wp-json\/wp\/v2\/categories?post=347489"},{"taxonomy":"post_tag","embeddable":true,"href":"https:\/\/www.hashtag.al\/index.php\/wp-json\/wp\/v2\/tags?post=347489"}],"curies":[{"name":"wp","href":"https:\/\/api.w.org\/{rel}","templated":true}]}}