{"id":346842,"date":"2020-01-14T20:00:53","date_gmt":"2020-01-14T19:00:53","guid":{"rendered":"https:\/\/hashtag.al\/?p=346842"},"modified":"2020-01-14T20:02:06","modified_gmt":"2020-01-14T19:02:06","slug":"presidentja-e-ke-se-be-te-permbushe-premtimet-ndaj-ballkanit-perendimor-se-shpejti-publikohet-strategjia-e-zgjerimit","status":"publish","type":"post","link":"https:\/\/www.hashtag.al\/index.php\/2020\/01\/14\/presidentja-e-ke-se-be-te-permbushe-premtimet-ndaj-ballkanit-perendimor-se-shpejti-publikohet-strategjia-e-zgjerimit\/","title":{"rendered":"Presidentja e KE-s\u00eb: BE t\u00eb p\u00ebrmbush\u00eb premtimet ndaj Ballkanit Per\u00ebndimor, s\u00eb shpejti publikohet strategjia e zgjerimit","gt_translate_keys":[{"key":"rendered","format":"text"}]},"content":{"rendered":"<p><img loading=\"lazy\" decoding=\"async\" class=\"aligncenter size-full wp-image-338765\" src=\"https:\/\/hashtag.al\/wp-content\/uploads\/2019\/12\/ursulavonderleyen-e1575476199382.jpg\" alt=\"\" width=\"1017\" height=\"595\" srcset=\"https:\/\/www.hashtag.al\/wp-content\/uploads\/2019\/12\/ursulavonderleyen-e1575476199382.jpg 1017w, https:\/\/www.hashtag.al\/wp-content\/uploads\/2019\/12\/ursulavonderleyen-e1575476199382-300x176.jpg 300w, https:\/\/www.hashtag.al\/wp-content\/uploads\/2019\/12\/ursulavonderleyen-e1575476199382-768x449.jpg 768w\" sizes=\"auto, (max-width: 1017px) 100vw, 1017px\" \/><\/p>\n<p><span style=\"color: #000000;\">Presidentja e Komisionit Evropian, Ursula von der Leyen, tha se Bashkimi Evropian duhet t\u2019i p\u00ebrmbush\u00eb premtimet q\u00eb u ka dh\u00ebn\u00eb vendeve t\u00eb Ballkanit Per\u00ebndimor dhe t\u00eb vazhdoj\u00eb procesin e zgjerimit.<\/span><\/p>\n<p><span style=\"color: #000000;\">N\u00eb k\u00ebt\u00eb aspekt, muajt e ardhsh\u00ebm jan\u00eb \u201cvendimtar\u00eb\u201d, tha von der Leyen n\u00eb nj\u00eb seanc\u00eb plenare t\u00eb Parlamentit Evropian.<\/span><\/p>\n<p><span style=\"color: #000000;\">\u201c\u00cbsht\u00eb ve\u00e7an\u00ebrisht e r\u00ebnd\u00ebsishme q\u00eb t\u00eb ruhet momentumi n\u00eb Ballkanin Per\u00ebndimor p\u00ebrpara se t\u00eb mbahet Samiti i Zagrebit \u2013 n\u00ebse duam q\u00eb ky samit t\u00eb jet\u00eb i suksessh\u00ebm. Duhet t\u2019i kryejm\u00eb detyrat tona, tani\u201d, tha von der Leyen, shkruan Radio Evropa e Lir\u00eb.<\/span><\/p>\n<p><span style=\"color: #000000;\">Ajo theksoi se duhet mund\u00ebsuar nisja e negociatave t\u00eb an\u00ebtar\u00ebsimit me Maqedonin\u00eb e Veriut dhe Shqip\u00ebrin\u00eb, sepse, sipas saj, k\u00ebto dy vende e kan\u00eb kryer pjes\u00ebn e tyre t\u00eb obligimeve dhe se tani i takon pal\u00ebs evropiane t\u00eb p\u00ebrmbush\u00eb premtimin.<\/span><\/p>\n<p><span style=\"color: #000000;\">N\u00eb tetor t\u00eb vitit t\u00eb kaluar, Bashkimi Evropian nuk e ka miratuar nisjen e negociatave me k\u00ebto dy vende, me gjith\u00eb rekomandimin e Komisionit Evropian se ato i kan\u00eb p\u00ebrmbushur kushtet.<\/span><\/p>\n<p><span style=\"color: #000000;\">Vendimi \u00ebsht\u00eb bllokuar nga Franca, e cila ka k\u00ebrkuar reforma t\u00eb m\u00ebtejshme nga to, por edhe reformim t\u00eb procesit t\u00eb zgjerimit.<\/span><\/p>\n<p><span style=\"color: #000000;\">P\u00ebr rrjedhoj\u00eb, deri n\u00eb fund t\u00eb janarit, Komisioni Evropian do t\u00eb dal\u00eb me nj\u00eb metodologji t\u00eb re p\u00ebr negociatat e pranimit, e cila m\u00eb pas duhet t\u00eb mb\u00ebshtetet nga shtetet an\u00ebtare t\u00eb BE-s\u00eb.<\/span><\/p>\n<p><span style=\"color: #000000;\">Me Bashkimin Evropian aktualisht kryeson Kroacia.<\/span><\/p>\n<p><span style=\"color: #000000;\">Samiti midis BE-s\u00eb dhe Ballkanit Per\u00ebndimor do t\u00eb mbahet n\u00eb Zagreb n\u00eb muajin maj.<\/span><\/p>\n","protected":false,"gt_translate_keys":[{"key":"rendered","format":"html"}]},"excerpt":{"rendered":"<p>Presidentja e Komisionit Evropian, Ursula von der Leyen, tha se Bashkimi Evropian duhet t\u2019i p\u00ebrmbush\u00eb premtimet q\u00eb u ka dh\u00ebn\u00eb vendeve t\u00eb Ballkanit Per\u00ebndimor dhe t\u00eb vazhdoj\u00eb procesin e zgjerimit. N\u00eb k\u00ebt\u00eb aspekt, muajt e ardhsh\u00ebm jan\u00eb \u201cvendimtar\u00eb\u201d, tha von der Leyen n\u00eb nj\u00eb seanc\u00eb plenare t\u00eb Parlamentit Evropian. \u201c\u00cbsht\u00eb ve\u00e7an\u00ebrisht e r\u00ebnd\u00ebsishme q\u00eb t\u00eb [&hellip;]<\/p>\n","protected":false,"gt_translate_keys":[{"key":"rendered","format":"html"}]},"author":32,"featured_media":338765,"comment_status":"open","ping_status":"open","sticky":false,"template":"","format":"standard","meta":{"footnotes":""},"categories":[6,13],"tags":[],"class_list":["post-346842","post","type-post","status-publish","format-standard","has-post-thumbnail","hentry","category-nderkombetare","category-te-fundit"],"gt_translate_keys":[{"key":"link","format":"url"}],"_links":{"self":[{"href":"https:\/\/www.hashtag.al\/index.php\/wp-json\/wp\/v2\/posts\/346842","targetHints":{"allow":["GET"]}}],"collection":[{"href":"https:\/\/www.hashtag.al\/index.php\/wp-json\/wp\/v2\/posts"}],"about":[{"href":"https:\/\/www.hashtag.al\/index.php\/wp-json\/wp\/v2\/types\/post"}],"author":[{"embeddable":true,"href":"https:\/\/www.hashtag.al\/index.php\/wp-json\/wp\/v2\/users\/32"}],"replies":[{"embeddable":true,"href":"https:\/\/www.hashtag.al\/index.php\/wp-json\/wp\/v2\/comments?post=346842"}],"version-history":[{"count":0,"href":"https:\/\/www.hashtag.al\/index.php\/wp-json\/wp\/v2\/posts\/346842\/revisions"}],"wp:featuredmedia":[{"embeddable":true,"href":"https:\/\/www.hashtag.al\/index.php\/wp-json\/wp\/v2\/media\/338765"}],"wp:attachment":[{"href":"https:\/\/www.hashtag.al\/index.php\/wp-json\/wp\/v2\/media?parent=346842"}],"wp:term":[{"taxonomy":"category","embeddable":true,"href":"https:\/\/www.hashtag.al\/index.php\/wp-json\/wp\/v2\/categories?post=346842"},{"taxonomy":"post_tag","embeddable":true,"href":"https:\/\/www.hashtag.al\/index.php\/wp-json\/wp\/v2\/tags?post=346842"}],"curies":[{"name":"wp","href":"https:\/\/api.w.org\/{rel}","templated":true}]}}