{"id":346736,"date":"2020-01-14T12:14:53","date_gmt":"2020-01-14T11:14:53","guid":{"rendered":"https:\/\/hashtag.al\/?p=346736"},"modified":"2020-01-14T12:13:12","modified_gmt":"2020-01-14T11:13:12","slug":"studentet-e-ubt-se-ne-proteste-na-cuan-email-se-eshte-dyfishuar-tarifa","status":"publish","type":"post","link":"https:\/\/www.hashtag.al\/index.php\/2020\/01\/14\/studentet-e-ubt-se-ne-proteste-na-cuan-email-se-eshte-dyfishuar-tarifa\/","title":{"rendered":"Student\u00ebt e UBT-s\u00eb n\u00eb protest\u00eb: Na \u00e7uan email se \u00ebsht\u00eb dyfishuar tarifa","gt_translate_keys":[{"key":"rendered","format":"text"}]},"content":{"rendered":"<p><span style=\"color: #000000;\"><a style=\"color: #000000;\" href=\"https:\/\/hashtag.al\/wp-content\/uploads\/2020\/01\/studentet.jpg\"><img loading=\"lazy\" decoding=\"async\" class=\"aligncenter size-full wp-image-346737\" src=\"https:\/\/hashtag.al\/wp-content\/uploads\/2020\/01\/studentet.jpg\" alt=\"\" width=\"1051\" height=\"518\" srcset=\"https:\/\/www.hashtag.al\/wp-content\/uploads\/2020\/01\/studentet.jpg 1051w, https:\/\/www.hashtag.al\/wp-content\/uploads\/2020\/01\/studentet-300x148.jpg 300w, https:\/\/www.hashtag.al\/wp-content\/uploads\/2020\/01\/studentet-768x379.jpg 768w, https:\/\/www.hashtag.al\/wp-content\/uploads\/2020\/01\/studentet-1024x505.jpg 1024w\" sizes=\"auto, (max-width: 1051px) 100vw, 1051px\" \/><\/a><\/span><\/p>\n<p><span style=\"color: #000000;\">Student\u00ebt e Universitetit Bujq\u00ebsor jan\u00eb ngritur n\u00eb protest\u00eb p\u00ebr t\u00eb kund\u00ebrshtuar rritjen e tarif\u00ebs. Student\u00ebt shprehen se kan\u00eb marr\u00eb nj\u00eb lajm\u00ebrim t\u00eb papritur se tarifa \u00ebsht\u00eb dyfishuar dhe s&#8217;e nuk do t\u00eb lejohen t\u00eb futen n\u00eb provime pa b\u00ebr\u00eb k\u00ebt\u00eb pages\u00eb.\u00a0<\/span><\/p>\n<p><span style=\"color: #000000;\">Student\u00ebt thon\u00eb se atyre nuk i \u00ebsht\u00eb marr\u00eb mendim p\u00ebr ndryshimin e tarif\u00ebs dhe paralajm\u00ebrojn\u00eb se nuk do ndalen me protestat deri kur tarifat t\u00eb kthehen si\u00e7 ishin.<\/span><\/p>\n<p><span style=\"color: #000000;\"><em>&#8220;Ne jemi mbledhur k\u00ebtu sot p\u00ebr t\u00eb rezufuar dyfishimin e tarifave pa dijenin\u00eb ton\u00eb, t\u00eb cilat nuk na japin asgj\u00eb n\u00eb kthim. Ne jemi student\u00eb t\u00eb viteve t\u00eb ndryshme, kishim nj\u00eb tarif\u00eb stab\u00ebl prej 200 mij\u00eb lek\u00ebsh t\u00eb vjetra, para dy dit\u00ebsh na erdhi lajmi me email p\u00ebr dyfishimin e tarif\u00ebs. Nuk na kan\u00eb dh\u00ebn\u00eb asnj\u00eb shpjegim, biles kjo na penalizoi n\u00eb provimet e sezonit t\u00eb janarit, nuk na lejonin t\u00eb futeshim n\u00eb provim pa b\u00ebr\u00eb pages\u00ebn. Nuk e kemi b\u00ebr\u00eb dhe nuk do ta b\u00ebjm\u00eb, do jemi k\u00ebtu deri n\u00eb p\u00ebrgjysmimin e tarifave totale. I kemi d\u00ebrguar nj\u00eb k\u00ebrkes\u00eb rektoratit dhe presim nj\u00eb p\u00ebrgjigje zyrtare. Deri tani nuk kemi marr\u00eb asnj\u00eb p\u00ebrgjigje.&#8221;<\/em>&#8211; tha nj\u00eb nga student\u00ebt.<\/span><\/p>\n<p><span style=\"color: #000000;\"><a style=\"color: #000000;\" href=\"https:\/\/hashtag.al\/wp-content\/uploads\/2020\/01\/student.jpg\"><img loading=\"lazy\" decoding=\"async\" class=\"aligncenter size-full wp-image-346738\" src=\"https:\/\/hashtag.al\/wp-content\/uploads\/2020\/01\/student.jpg\" alt=\"\" width=\"992\" height=\"447\" srcset=\"https:\/\/www.hashtag.al\/wp-content\/uploads\/2020\/01\/student.jpg 992w, https:\/\/www.hashtag.al\/wp-content\/uploads\/2020\/01\/student-300x135.jpg 300w, https:\/\/www.hashtag.al\/wp-content\/uploads\/2020\/01\/student-768x346.jpg 768w\" sizes=\"auto, (max-width: 992px) 100vw, 992px\" \/><\/a><\/span><\/p>\n","protected":false,"gt_translate_keys":[{"key":"rendered","format":"html"}]},"excerpt":{"rendered":"<p>Student\u00ebt e Universitetit Bujq\u00ebsor jan\u00eb ngritur n\u00eb protest\u00eb p\u00ebr t\u00eb kund\u00ebrshtuar rritjen e tarif\u00ebs. Student\u00ebt shprehen se kan\u00eb marr\u00eb nj\u00eb lajm\u00ebrim t\u00eb papritur se tarifa \u00ebsht\u00eb dyfishuar dhe s&#8217;e nuk do t\u00eb lejohen t\u00eb futen n\u00eb provime pa b\u00ebr\u00eb k\u00ebt\u00eb pages\u00eb.\u00a0 Student\u00ebt thon\u00eb se atyre nuk i \u00ebsht\u00eb marr\u00eb mendim p\u00ebr ndryshimin e tarif\u00ebs dhe [&hellip;]<\/p>\n","protected":false,"gt_translate_keys":[{"key":"rendered","format":"html"}]},"author":30,"featured_media":346737,"comment_status":"open","ping_status":"open","sticky":false,"template":"","format":"standard","meta":{"footnotes":""},"categories":[65,13],"tags":[],"class_list":["post-346736","post","type-post","status-publish","format-standard","has-post-thumbnail","hentry","category-lajme","category-te-fundit"],"gt_translate_keys":[{"key":"link","format":"url"}],"_links":{"self":[{"href":"https:\/\/www.hashtag.al\/index.php\/wp-json\/wp\/v2\/posts\/346736","targetHints":{"allow":["GET"]}}],"collection":[{"href":"https:\/\/www.hashtag.al\/index.php\/wp-json\/wp\/v2\/posts"}],"about":[{"href":"https:\/\/www.hashtag.al\/index.php\/wp-json\/wp\/v2\/types\/post"}],"author":[{"embeddable":true,"href":"https:\/\/www.hashtag.al\/index.php\/wp-json\/wp\/v2\/users\/30"}],"replies":[{"embeddable":true,"href":"https:\/\/www.hashtag.al\/index.php\/wp-json\/wp\/v2\/comments?post=346736"}],"version-history":[{"count":0,"href":"https:\/\/www.hashtag.al\/index.php\/wp-json\/wp\/v2\/posts\/346736\/revisions"}],"wp:featuredmedia":[{"embeddable":true,"href":"https:\/\/www.hashtag.al\/index.php\/wp-json\/wp\/v2\/media\/346737"}],"wp:attachment":[{"href":"https:\/\/www.hashtag.al\/index.php\/wp-json\/wp\/v2\/media?parent=346736"}],"wp:term":[{"taxonomy":"category","embeddable":true,"href":"https:\/\/www.hashtag.al\/index.php\/wp-json\/wp\/v2\/categories?post=346736"},{"taxonomy":"post_tag","embeddable":true,"href":"https:\/\/www.hashtag.al\/index.php\/wp-json\/wp\/v2\/tags?post=346736"}],"curies":[{"name":"wp","href":"https:\/\/api.w.org\/{rel}","templated":true}]}}