{"id":346647,"date":"2020-01-14T07:42:19","date_gmt":"2020-01-14T06:42:19","guid":{"rendered":"https:\/\/hashtag.al\/?p=346647"},"modified":"2020-01-14T07:51:14","modified_gmt":"2020-01-14T06:51:14","slug":"mbreteresha-bie-dakord-me-princ-harry-n-dhe-meghan-in-do-e-kalojne-kohen-mes-kanadase-dhe-britanise","status":"publish","type":"post","link":"https:\/\/www.hashtag.al\/index.php\/2020\/01\/14\/mbreteresha-bie-dakord-me-princ-harry-n-dhe-meghan-in-do-e-kalojne-kohen-mes-kanadase-dhe-britanise\/","title":{"rendered":"Mbret\u00ebresha bie dakord me princ Harry-n dhe Meghan-in: Do e kalojn\u00eb koh\u00ebn mes Kanadas\u00eb dhe Britanis\u00eb","gt_translate_keys":[{"key":"rendered","format":"text"}]},"content":{"rendered":"<p><a href=\"https:\/\/hashtag.al\/wp-content\/uploads\/2020\/01\/queen-meghan-harry-markle.jpg\"><img loading=\"lazy\" decoding=\"async\" class=\"aligncenter size-full wp-image-346648\" src=\"https:\/\/hashtag.al\/wp-content\/uploads\/2020\/01\/queen-meghan-harry-markle.jpg\" alt=\"\" width=\"618\" height=\"410\" srcset=\"https:\/\/www.hashtag.al\/wp-content\/uploads\/2020\/01\/queen-meghan-harry-markle.jpg 618w, https:\/\/www.hashtag.al\/wp-content\/uploads\/2020\/01\/queen-meghan-harry-markle-300x199.jpg 300w\" sizes=\"auto, (max-width: 618px) 100vw, 618px\" \/><\/a><\/p>\n<p><span style=\"color: #000000;\">Mbret\u00ebresha Elisabeth II ka r\u00ebn\u00eb dakord me nipin e saj Duk\u00ebn e Ssussex dhe gruan e tij, q\u00eb k\u00ebta t\u00eb fundit t\u00eb kalojn\u00eb nj\u00eb <em>&#8220;periudh\u00eb tranzicioni&#8221;<\/em> mes Kanadas\u00eb dhe Mbret\u00ebris\u00eb s\u00eb Bashkuar.<\/span><\/p>\n<p><span style=\"color: #000000;\">Si\u00e7 shkruan <span style=\"color: #0000ff;\"><a style=\"color: #0000ff;\" href=\"https:\/\/www.bbc.com\/news\/uk-51099102?ns_campaign=bbcnews&amp;ocid=socialflow_facebook&amp;ns_source=facebook&amp;ns_mchannel=social&amp;fbclid=IwAR3oBMd0CcFgQlldaOWdtA-jqKMymoWas7Qbc2w3lVBFjKs8S12XJRdNh8U\">BBC<\/a><\/span>, ajo tha se e mb\u00ebshtet plot\u00ebsisht d\u00ebshir\u00ebn e tyre p\u00ebr nj\u00eb rol t\u00eb ri, por &#8220;do t\u00eb preferonte&#8221; q\u00eb ata t\u00eb mbeteshin pjes\u00eb e familjes mbret\u00ebrore me koh\u00eb t\u00eb plot\u00eb.<\/span><\/p>\n<p><span style=\"color: #000000;\">Ky reagim vjen pas shum\u00eb or\u00ebsh diskutime q\u00eb familja mbret\u00ebrore britanike pati dit\u00ebn e djeshme, n\u00eb Sandringham.<\/span><\/p>\n<p><span style=\"color: #000000;\">Mbret\u00ebresha tha se priste q\u00eb vendimet p\u00ebrfundimtare t\u00eb merreshin n\u00eb dit\u00ebt n\u00eb vijim. Sipas saj bisedimet n\u00eb Sandringham, ku mor\u00ebn pjes\u00eb dhe Princi i Uellsit dhe Dukesha e Kembrixhit, kishin qen\u00eb<em> &#8220;shum\u00eb konstruktive&#8221;.<\/em><\/span><\/p>\n<p><em><span style=\"color: #000000;\">&#8220;Sot familja ime pati diskutime shum\u00eb konstruktive p\u00ebr t\u00eb ardhmen e nipit tim dhe familjes s\u00eb tij. Familja ime dhe un\u00eb jemi plot\u00ebsisht mb\u00ebshtet\u00ebs t\u00eb d\u00ebshir\u00ebs s\u00eb Harry-t dhe Meghan-it p\u00ebr t\u00eb krijuar nj\u00eb jet\u00eb t\u00eb re, si nj\u00eb familje e re. Megjith\u00ebse do t\u00eb preferonim q\u00eb ata t\u00eb mbeteshin an\u00ebtar\u00eb q\u00eb punojn\u00eb me koh\u00eb t\u00eb plot\u00eb t\u00eb Familjes Mbret\u00ebrore, ne e respektojm\u00eb dhe e kuptojm\u00eb d\u00ebshir\u00ebn e tyre p\u00ebr t\u00eb jetuar nj\u00eb jet\u00eb m\u00eb t\u00eb pavarur si familje duke mbetur nj\u00eb pjes\u00eb e vler\u00ebsuar e familjes time.<\/span><\/em><\/p>\n<p><em><span style=\"color: #000000;\">Harry dhe Meghan e kan\u00eb b\u00ebr\u00eb t\u00eb qart\u00eb se ata nuk duan t\u00eb mb\u00ebshteten n\u00eb fondet publike n\u00eb jet\u00ebn e tyre t\u00eb re.<\/span><\/em><\/p>\n<p><em><span style=\"color: #000000;\">Prandaj kemi r\u00ebn\u00eb dakord q\u00eb do t\u00eb ket\u00eb nj\u00eb periudh\u00eb tranzicioni n\u00eb t\u00eb cil\u00ebn Sussexes do t\u00eb kaloj\u00eb koh\u00ebn mes Kanadas\u00eb dhe Mbret\u00ebris\u00eb s\u00eb Bashkuar.<\/span><\/em><\/p>\n<p><span style=\"color: #000000;\"><em>K\u00ebto jan\u00eb \u00e7\u00ebshtje komplekse p\u00ebr familjen time dhe ka edhe shum\u00eb pun\u00eb p\u00ebr t\u00eb b\u00ebr\u00eb, por un\u00eb kam k\u00ebrkuar q\u00eb vendimet p\u00ebrfundimtare t\u00eb arrihen n\u00eb dit\u00ebt n\u00eb vijim.&#8221;-<\/em> thuhet n\u00eb deklarat\u00ebn e mbret\u00ebresh\u00ebs.<\/span><\/p>\n<p><span style=\"color: #000000;\">Bisedimet urgjente mes an\u00ebtar\u00ebve t\u00eb familjes mbret\u00ebrore erdh\u00ebn pasi princi HArry dhe dukesha Meghan i zun\u00eb n\u00eb befasi kur deklaruan t\u00eb m\u00ebrkur\u00ebn se donin t\u00eb hiqnin dor\u00eb nga detyrat e tyre mbret\u00ebrore dhe k\u00ebrkonin nj\u00eb jet\u00eb t\u00eb pavarur.<\/span><\/p>\n<p><span style=\"color: #000000;\">Ata than\u00eb se d\u00ebshironin nj\u00eb &#8220;rol t\u00eb ri progresiv&#8221; brenda institucionit, ku ata do t\u00eb ishin t\u00eb pavarur financiarisht dhe do ta kalonin koh\u00ebn midis Mbret\u00ebris\u00eb s\u00eb Bashkuar dhe Amerik\u00ebs s\u00eb Veriut.<\/span><\/p>\n<p><span style=\"color: #000000;\">T\u00eb dy, fol\u00ebn p\u00ebr v\u00ebshtir\u00ebsit\u00eb e jet\u00ebs mbret\u00ebrore dhe v\u00ebmendjen e mediave n\u00eb muajt e fundit, dhe princi Harry tha se ai ka frik\u00eb se gruaja e tij do t\u00eb binte viktim\u00eb e &#8220;t\u00eb nj\u00ebjtave forca t\u00eb fuqishme&#8221; q\u00eb \u00e7uan n\u00eb vdekjen e n\u00ebn\u00ebs s\u00eb tij. Deklarata e mbret\u00ebresh\u00ebs \u00ebsht\u00eb shum\u00eb m\u00eb personale nga \u00e7do deklarat\u00eb tjet\u00ebr, pasi ka hequr dor\u00eb nga p\u00ebrdorimi i titujve duke e quajtur princin Harry &#8220;nipi im&#8221; dhe thot\u00eb &#8220;familja ime&#8221;. Duket si deklarata e nj\u00eb gjyshe p\u00ebr familjen e saj dhe jo nj\u00eb deklarat\u00eb formale e mbret\u00ebris\u00eb, \u00e7ka sugjeron se mbret\u00ebresha ka dashur t&#8217;i b\u00ebj\u00eb princin Harry-n dhe Meghan-in t\u00eb ndihen t\u00eb af\u00ebrt dhe t\u00eb dashur.<\/span><\/p>\n","protected":false,"gt_translate_keys":[{"key":"rendered","format":"html"}]},"excerpt":{"rendered":"<p>Mbret\u00ebresha Elisabeth II ka r\u00ebn\u00eb dakord me nipin e saj Duk\u00ebn e Ssussex dhe gruan e tij, q\u00eb k\u00ebta t\u00eb fundit t\u00eb kalojn\u00eb nj\u00eb &#8220;periudh\u00eb tranzicioni&#8221; mes Kanadas\u00eb dhe Mbret\u00ebris\u00eb s\u00eb Bashkuar. Si\u00e7 shkruan BBC, ajo tha se e mb\u00ebshtet plot\u00ebsisht d\u00ebshir\u00ebn e tyre p\u00ebr nj\u00eb rol t\u00eb ri, por &#8220;do t\u00eb preferonte&#8221; q\u00eb ata [&hellip;]<\/p>\n","protected":false,"gt_translate_keys":[{"key":"rendered","format":"html"}]},"author":30,"featured_media":346648,"comment_status":"open","ping_status":"open","sticky":false,"template":"","format":"standard","meta":{"footnotes":""},"categories":[53,6],"tags":[],"class_list":["post-346647","post","type-post","status-publish","format-standard","has-post-thumbnail","hentry","category-fast-foodi","category-nderkombetare"],"gt_translate_keys":[{"key":"link","format":"url"}],"_links":{"self":[{"href":"https:\/\/www.hashtag.al\/index.php\/wp-json\/wp\/v2\/posts\/346647","targetHints":{"allow":["GET"]}}],"collection":[{"href":"https:\/\/www.hashtag.al\/index.php\/wp-json\/wp\/v2\/posts"}],"about":[{"href":"https:\/\/www.hashtag.al\/index.php\/wp-json\/wp\/v2\/types\/post"}],"author":[{"embeddable":true,"href":"https:\/\/www.hashtag.al\/index.php\/wp-json\/wp\/v2\/users\/30"}],"replies":[{"embeddable":true,"href":"https:\/\/www.hashtag.al\/index.php\/wp-json\/wp\/v2\/comments?post=346647"}],"version-history":[{"count":0,"href":"https:\/\/www.hashtag.al\/index.php\/wp-json\/wp\/v2\/posts\/346647\/revisions"}],"wp:featuredmedia":[{"embeddable":true,"href":"https:\/\/www.hashtag.al\/index.php\/wp-json\/wp\/v2\/media\/346648"}],"wp:attachment":[{"href":"https:\/\/www.hashtag.al\/index.php\/wp-json\/wp\/v2\/media?parent=346647"}],"wp:term":[{"taxonomy":"category","embeddable":true,"href":"https:\/\/www.hashtag.al\/index.php\/wp-json\/wp\/v2\/categories?post=346647"},{"taxonomy":"post_tag","embeddable":true,"href":"https:\/\/www.hashtag.al\/index.php\/wp-json\/wp\/v2\/tags?post=346647"}],"curies":[{"name":"wp","href":"https:\/\/api.w.org\/{rel}","templated":true}]}}