{"id":346637,"date":"2020-01-13T23:32:15","date_gmt":"2020-01-13T22:32:15","guid":{"rendered":"https:\/\/hashtag.al\/?p=346637"},"modified":"2020-01-13T23:32:15","modified_gmt":"2020-01-13T22:32:15","slug":"kaso-pd-ja-kunder-ndryshimit-te-sistemit-zgjedhor-kerkon-nje-reforme-me-te-thelle","status":"publish","type":"post","link":"https:\/\/www.hashtag.al\/index.php\/2020\/01\/13\/kaso-pd-ja-kunder-ndryshimit-te-sistemit-zgjedhor-kerkon-nje-reforme-me-te-thelle\/","title":{"rendered":"Kaso: PD-ja kund\u00ebr ndryshimit t\u00eb sistemit zgjedhor, k\u00ebrkon nj\u00eb reform\u00eb m\u00eb t\u00eb thell\u00eb","gt_translate_keys":[{"key":"rendered","format":"text"}]},"content":{"rendered":"<p><img loading=\"lazy\" decoding=\"async\" class=\"aligncenter size-full wp-image-305755\" src=\"https:\/\/hashtag.al\/wp-content\/uploads\/2019\/06\/ivi-kaso.jpg\" alt=\"\" width=\"1280\" height=\"720\" srcset=\"https:\/\/www.hashtag.al\/wp-content\/uploads\/2019\/06\/ivi-kaso.jpg 1280w, https:\/\/www.hashtag.al\/wp-content\/uploads\/2019\/06\/ivi-kaso-300x169.jpg 300w, https:\/\/www.hashtag.al\/wp-content\/uploads\/2019\/06\/ivi-kaso-768x432.jpg 768w, https:\/\/www.hashtag.al\/wp-content\/uploads\/2019\/06\/ivi-kaso-1024x576.jpg 1024w\" sizes=\"auto, (max-width: 1280px) 100vw, 1280px\" \/><\/p>\n<p><span style=\"color: #000000;\">Sekretari p\u00ebr \u00c7\u00ebshtjet Zgjedhore n\u00eb Partin\u00eb Demokratike, Ivi Kaso deklaroi n\u00eb emisionin &#8216;5 Pyetjet nga Babaramo&#8217; se \u00e7do sistem ka avantazhet dhe disavantazhet e tij, por n\u00eb Shqip\u00ebri sipas tij, problemi nuk \u00ebsht\u00eb k\u00ebtu, por te demokracia e brendshme e partive.<\/span><\/p>\n<p><span style=\"color: #000000;\">P\u00ebr Kason p\u00ebr momentin duhet t\u00eb diskutohen \u00e7\u00ebshtjet m\u00eb emergjente t\u00eb Reform\u00ebs Zgjedhore, nd\u00ebrsa sistemi sipas tij i takon nj\u00eb reforme m\u00eb t\u00eb thell\u00eb kushtetuese.<\/span><\/p>\n<p><span style=\"color: #000000;\">&#8220;<em>Nuk besoj se ka nj\u00eb sistem t\u00eb mir\u00eb apo t\u00eb keq. Sistemi i takon nj\u00eb reforme m\u00eb t\u00eb thell\u00eb kushtetuese. Duhet t\u00eb nis\u00eb me v\u00ebrtet\u00ebsi dhe pa paragjykime. S\u00eb pari duhet t\u00eb diskutojm\u00eb pse ka d\u00ebshtuar sistemi aktual<\/em>&#8221; tha ai. \u00a0<\/span><\/p>\n<p><span style=\"color: #000000;\">Nj\u00eb nga kritikat e shumta kund\u00ebr sistemit aktual \u00ebsht\u00eb se u jep pushtet absolut kryetar\u00ebve t\u00eb partive n\u00eb hartimin e listave t\u00eb kandidat\u00ebve. Por Kaso nuk e shikon k\u00ebtu problemin, por tek demokracia e brendshme e partive.<\/span><\/p>\n<p><span style=\"color: #000000;\">\u00a0&#8220;<em>\u00cbsht\u00eb e v\u00ebrtet\u00eb q\u00eb nj\u00eb nga kritikat q\u00eb kam d\u00ebgjuar p\u00ebr k\u00ebt\u00eb sistem pa t\u00eb drejt\u00eb, se vendosin kryetar\u00ebt e partive. N\u00ebse ka nj\u00eb fenomen t\u00eb till\u00eb se \u00ebsht\u00eb v\u00ebrejtur nga partit\u00eb e m\u00ebdha, \u00ebsht\u00eb defekt i demokracis\u00eb. \u00cbsht\u00eb nj\u00eb problem q\u00eb fillon nga demokracia e brendshme e k\u00ebtyre partive, por nuk mund t\u00eb adresohet duke ndryshuar sistemin<\/em>. \u00a0<\/span><\/p>\n<p>&nbsp;<\/p>\n","protected":false,"gt_translate_keys":[{"key":"rendered","format":"html"}]},"excerpt":{"rendered":"<p>Sekretari p\u00ebr \u00c7\u00ebshtjet Zgjedhore n\u00eb Partin\u00eb Demokratike, Ivi Kaso deklaroi n\u00eb emisionin &#8216;5 Pyetjet nga Babaramo&#8217; se \u00e7do sistem ka avantazhet dhe disavantazhet e tij, por n\u00eb Shqip\u00ebri sipas tij, problemi nuk \u00ebsht\u00eb k\u00ebtu, por te demokracia e brendshme e partive. P\u00ebr Kason p\u00ebr momentin duhet t\u00eb diskutohen \u00e7\u00ebshtjet m\u00eb emergjente t\u00eb Reform\u00ebs Zgjedhore, nd\u00ebrsa [&hellip;]<\/p>\n","protected":false,"gt_translate_keys":[{"key":"rendered","format":"html"}]},"author":32,"featured_media":305755,"comment_status":"open","ping_status":"open","sticky":false,"template":"","format":"standard","meta":{"footnotes":""},"categories":[65,13],"tags":[],"class_list":["post-346637","post","type-post","status-publish","format-standard","has-post-thumbnail","hentry","category-lajme","category-te-fundit"],"gt_translate_keys":[{"key":"link","format":"url"}],"_links":{"self":[{"href":"https:\/\/www.hashtag.al\/index.php\/wp-json\/wp\/v2\/posts\/346637","targetHints":{"allow":["GET"]}}],"collection":[{"href":"https:\/\/www.hashtag.al\/index.php\/wp-json\/wp\/v2\/posts"}],"about":[{"href":"https:\/\/www.hashtag.al\/index.php\/wp-json\/wp\/v2\/types\/post"}],"author":[{"embeddable":true,"href":"https:\/\/www.hashtag.al\/index.php\/wp-json\/wp\/v2\/users\/32"}],"replies":[{"embeddable":true,"href":"https:\/\/www.hashtag.al\/index.php\/wp-json\/wp\/v2\/comments?post=346637"}],"version-history":[{"count":0,"href":"https:\/\/www.hashtag.al\/index.php\/wp-json\/wp\/v2\/posts\/346637\/revisions"}],"wp:featuredmedia":[{"embeddable":true,"href":"https:\/\/www.hashtag.al\/index.php\/wp-json\/wp\/v2\/media\/305755"}],"wp:attachment":[{"href":"https:\/\/www.hashtag.al\/index.php\/wp-json\/wp\/v2\/media?parent=346637"}],"wp:term":[{"taxonomy":"category","embeddable":true,"href":"https:\/\/www.hashtag.al\/index.php\/wp-json\/wp\/v2\/categories?post=346637"},{"taxonomy":"post_tag","embeddable":true,"href":"https:\/\/www.hashtag.al\/index.php\/wp-json\/wp\/v2\/tags?post=346637"}],"curies":[{"name":"wp","href":"https:\/\/api.w.org\/{rel}","templated":true}]}}