{"id":346560,"date":"2020-01-13T16:17:34","date_gmt":"2020-01-13T15:17:34","guid":{"rendered":"https:\/\/hashtag.al\/?p=346560"},"modified":"2020-01-13T16:35:27","modified_gmt":"2020-01-13T15:35:27","slug":"ngerci-ne-kosove-thaci-mund-ti-drejtohet-kushtetueses-mustafa-ben-pergjegjes-kurtin","status":"publish","type":"post","link":"https:\/\/www.hashtag.al\/index.php\/2020\/01\/13\/ngerci-ne-kosove-thaci-mund-ti-drejtohet-kushtetueses-mustafa-ben-pergjegjes-kurtin\/","title":{"rendered":"Ng\u00ebr\u00e7i n\u00eb Kosov\u00eb &#8211; Tha\u00e7i mund t&#8217;i drejtohet Kushtetueses, Mustafa b\u00ebn p\u00ebrgjegj\u00ebs Kurtin","gt_translate_keys":[{"key":"rendered","format":"text"}]},"content":{"rendered":"<p><img loading=\"lazy\" decoding=\"async\" class=\"aligncenter size-full wp-image-346561\" src=\"https:\/\/hashtag.al\/wp-content\/uploads\/2020\/01\/thacimustafa.jpg\" alt=\"\" width=\"2800\" height=\"1702\" srcset=\"https:\/\/www.hashtag.al\/wp-content\/uploads\/2020\/01\/thacimustafa.jpg 2800w, https:\/\/www.hashtag.al\/wp-content\/uploads\/2020\/01\/thacimustafa-300x182.jpg 300w, https:\/\/www.hashtag.al\/wp-content\/uploads\/2020\/01\/thacimustafa-768x467.jpg 768w, https:\/\/www.hashtag.al\/wp-content\/uploads\/2020\/01\/thacimustafa-1024x622.jpg 1024w\" sizes=\"auto, (max-width: 2800px) 100vw, 2800px\" \/><\/p>\n<p><span style=\"color: #000000;\">Zyra e Presidentit t\u00eb Kosov\u00ebs, Tha\u00e7i, nuk e p\u00ebrjashton mund\u00ebsin\u00eb q\u00eb t\u2019i drejtohet Gjykat\u00ebs Kushtetuese, lidhur me \u00e7\u00ebshtjen e personit q\u00eb do do marr\u00eb p\u00ebrsip\u00ebr krijimin e qeveris\u00eb. <\/span><\/p>\n<p><span style=\"color: #000000;\">Sipas njoftimit, theksohet se \u00ebsht\u00eb p\u00ebrgjegj\u00ebsi e kreut t\u00eb shtetit t\u00eb b\u00ebj\u00eb t\u00eb mundur funksionalizimin e institucioneve kushtetuese.<\/span><\/p>\n<p><span style=\"color: #000000;\"><em>\u2018Ai \u00ebsht\u00eb garantues i funksionimit kushtetues e demokratik dhe \u00ebsht\u00eb i obliguar t\u00eb nd\u00ebrmarr \u00e7do hap t\u00eb nevojsh\u00ebm p\u00ebr ta p\u00ebrmbushur k\u00ebt\u00eb detyrim t\u00eb tij, duke mos p\u00ebrjashtuar edhe k\u00ebrkesat drejtuar Gjykat\u00ebs Kushtetuese p\u00ebr t\u00eb sqaruar \u00e7do paqart\u00ebsi kushtetuese dhe ligjore n\u00eb sh\u00ebrbim t\u00eb funksionalizimit sa m\u00eb t\u00eb shpejt\u00eb t\u00eb institucioneve t\u00eb reja\u2019<\/em>, tha zyra e Tha\u00e7it p\u00ebr KTV-n\u00eb, shkruan Koha.net.<\/span><\/p>\n<p><span style=\"color: #000000;\">Nd\u00ebrkoh\u00eb kreu i LDK-s\u00eb, Mustafa, ka deklaruar se zgjidhjen e ng\u00ebrcit e ka n\u00eb dor\u00eb L\u00ebvizja Vet\u00ebvendosje. Ai e b\u00ebri deklarat\u00ebn pas takimeve me ambasadorin amerikan Philip Kosnett dhe ish- ambasadorin Wiliam Walker.<\/span><\/p>\n<p><span style=\"color: #000000;\"><em>\u2018Ne po presim nj\u00eb zgjidhje nga VV-ja. Nj\u00eb zgjidhje q\u00eb \u00ebsht\u00eb funksionale p\u00ebr dy pal\u00ebt, derisa ta marrim zgjedhjen po presim. P\u00ebrgjegj\u00ebsia \u00ebsht\u00eb e atyre q\u00eb t\u00eb ofroj\u00eb nj\u00eb zgjidhje n\u00eb k\u00ebt\u00eb situat\u00eb t\u00eb krijuar. Nuk po flas as p\u00ebr ofert\u00ebn e Kurtit sepse ne nuk i kemi shqyrtuar n\u00eb organet tona. Ofertat e ve\u00e7anta nuk I shqyrtojm\u00eb. Kemi biseduar p\u00ebr parimet q\u00eb duhet ti ket\u00eb nj\u00eb qeverisje. Po e presim nj\u00eb zgjidhje q\u00eb ata duhet ta ofrojn\u00eb q\u00eb t\u00eb kemi nj\u00eb qeveri stabile.\u2019<\/em>, thon\u00eb burime nga LDK-ja.<\/span><\/p>\n","protected":false,"gt_translate_keys":[{"key":"rendered","format":"html"}]},"excerpt":{"rendered":"<p>Zyra e Presidentit t\u00eb Kosov\u00ebs, Tha\u00e7i, nuk e p\u00ebrjashton mund\u00ebsin\u00eb q\u00eb t\u2019i drejtohet Gjykat\u00ebs Kushtetuese, lidhur me \u00e7\u00ebshtjen e personit q\u00eb do do marr\u00eb p\u00ebrsip\u00ebr krijimin e qeveris\u00eb. Sipas njoftimit, theksohet se \u00ebsht\u00eb p\u00ebrgjegj\u00ebsi e kreut t\u00eb shtetit t\u00eb b\u00ebj\u00eb t\u00eb mundur funksionalizimin e institucioneve kushtetuese. \u2018Ai \u00ebsht\u00eb garantues i funksionimit kushtetues e demokratik dhe [&hellip;]<\/p>\n","protected":false,"gt_translate_keys":[{"key":"rendered","format":"html"}]},"author":51,"featured_media":346561,"comment_status":"open","ping_status":"open","sticky":false,"template":"","format":"standard","meta":{"footnotes":""},"categories":[149,6],"tags":[],"class_list":["post-346560","post","type-post","status-publish","format-standard","has-post-thumbnail","hentry","category-kosoverajon","category-nderkombetare"],"gt_translate_keys":[{"key":"link","format":"url"}],"_links":{"self":[{"href":"https:\/\/www.hashtag.al\/index.php\/wp-json\/wp\/v2\/posts\/346560","targetHints":{"allow":["GET"]}}],"collection":[{"href":"https:\/\/www.hashtag.al\/index.php\/wp-json\/wp\/v2\/posts"}],"about":[{"href":"https:\/\/www.hashtag.al\/index.php\/wp-json\/wp\/v2\/types\/post"}],"author":[{"embeddable":true,"href":"https:\/\/www.hashtag.al\/index.php\/wp-json\/wp\/v2\/users\/51"}],"replies":[{"embeddable":true,"href":"https:\/\/www.hashtag.al\/index.php\/wp-json\/wp\/v2\/comments?post=346560"}],"version-history":[{"count":0,"href":"https:\/\/www.hashtag.al\/index.php\/wp-json\/wp\/v2\/posts\/346560\/revisions"}],"wp:featuredmedia":[{"embeddable":true,"href":"https:\/\/www.hashtag.al\/index.php\/wp-json\/wp\/v2\/media\/346561"}],"wp:attachment":[{"href":"https:\/\/www.hashtag.al\/index.php\/wp-json\/wp\/v2\/media?parent=346560"}],"wp:term":[{"taxonomy":"category","embeddable":true,"href":"https:\/\/www.hashtag.al\/index.php\/wp-json\/wp\/v2\/categories?post=346560"},{"taxonomy":"post_tag","embeddable":true,"href":"https:\/\/www.hashtag.al\/index.php\/wp-json\/wp\/v2\/tags?post=346560"}],"curies":[{"name":"wp","href":"https:\/\/api.w.org\/{rel}","templated":true}]}}