{"id":346462,"date":"2020-01-13T08:47:50","date_gmt":"2020-01-13T07:47:50","guid":{"rendered":"https:\/\/hashtag.al\/?p=346462"},"modified":"2020-01-13T08:49:55","modified_gmt":"2020-01-13T07:49:55","slug":"kurti-i-pergjigjet-thacit-mos-bej-presione-jemi-afer-marreveshjes-me-ldk-ne","status":"publish","type":"post","link":"https:\/\/www.hashtag.al\/index.php\/2020\/01\/13\/kurti-i-pergjigjet-thacit-mos-bej-presione-jemi-afer-marreveshjes-me-ldk-ne\/","title":{"rendered":"Kurti i p\u00ebrgjigjet Tha\u00e7it: Mos b\u00ebj presione, jemi af\u00ebr marr\u00ebveshjes me LDK-n\u00eb","gt_translate_keys":[{"key":"rendered","format":"text"}]},"content":{"rendered":"<p><a href=\"https:\/\/hashtag.al\/wp-content\/uploads\/2019\/12\/thaci-kurti-696x392.jpg\"><img loading=\"lazy\" decoding=\"async\" class=\"aligncenter size-full wp-image-343793\" src=\"https:\/\/hashtag.al\/wp-content\/uploads\/2019\/12\/thaci-kurti-696x392.jpg\" alt=\"\" width=\"696\" height=\"392\" srcset=\"https:\/\/www.hashtag.al\/wp-content\/uploads\/2019\/12\/thaci-kurti-696x392.jpg 696w, https:\/\/www.hashtag.al\/wp-content\/uploads\/2019\/12\/thaci-kurti-696x392-300x169.jpg 300w\" sizes=\"auto, (max-width: 696px) 100vw, 696px\" \/><\/a><\/p>\n<p><span style=\"color: #000000;\">Kreu i L\u00ebvizjes Vet\u00ebvendosje, Albin Kurti i ka kthyer p\u00ebrgjigje p\u00ebrmes nj\u00eb letre presidentit t\u00eb Kosov\u00ebs, Hashim Tha\u00e7it pas presionit t\u00eb vazhduesh\u00ebm t\u00eb k\u00ebtij t\u00eb fundit p\u00ebr t\u00eb zbuluar t\u00eb mandatuarin si kryeminist\u00ebr.<\/span><\/p>\n<p><span style=\"color: #000000;\">Kurti i ka k\u00ebrkuar Tha\u00e7it q\u00eb t\u00eb mos ndikoj\u00eb e t\u00eb mos imponoj\u00eb krijimin e qeveris\u00eb, por e ka k\u00ebshilluar at\u00eb t\u00eb duroj\u00eb dhe t\u00eb pres\u00eb.<\/span><\/p>\n<p><span style=\"color: #000000;\">Kurti i p\u00ebrmend presidentit Kushtetut\u00ebn dhe thot\u00eb se ajo nuk i njeh atij diskrecion e as rol aktiv n\u00eb krijimin e mandatarit. Ai sqaron se \u00ebsht\u00eb af\u00ebr marr\u00ebveshjes me LDK-n\u00eb e Isa Mustaf\u00ebs dhe k\u00ebrkon q\u00eb presidenti t\u00eb mos b\u00ebj\u00eb m\u00eb presion e vler\u00ebsime politike, nd\u00ebrsa sqaron se ende nuk e kan\u00eb gati propozimin p\u00ebr mandatar.<\/span><\/p>\n<p><span style=\"color: #000000;\"><em>\u201cKjo \u00ebsht\u00eb nj\u00eb praktik\u00eb normale n\u00eb t\u00eb gjith\u00eb bot\u00ebn demokratike. Me k\u00ebt\u00eb rast, shfryt\u00ebzoj k\u00ebt\u00eb let\u00ebr t\u2019ju informoj q\u00eb ndodhemi n\u00eb faz\u00ebn e finalizimit t\u00eb marr\u00ebveshjes me Lidhjen Demokratike t\u00eb Kosov\u00ebs\u201d.<\/em>&#8211; thot\u00eb Kurti.<\/span><\/p>\n<p><a href=\"https:\/\/hashtag.al\/wp-content\/uploads\/2020\/01\/1-17-424x600.jpg\"><img loading=\"lazy\" decoding=\"async\" class=\"aligncenter size-full wp-image-346463\" src=\"https:\/\/hashtag.al\/wp-content\/uploads\/2020\/01\/1-17-424x600.jpg\" alt=\"\" width=\"424\" height=\"600\" srcset=\"https:\/\/www.hashtag.al\/wp-content\/uploads\/2020\/01\/1-17-424x600.jpg 424w, https:\/\/www.hashtag.al\/wp-content\/uploads\/2020\/01\/1-17-424x600-212x300.jpg 212w\" sizes=\"auto, (max-width: 424px) 100vw, 424px\" \/><\/a> <a href=\"https:\/\/hashtag.al\/wp-content\/uploads\/2020\/01\/2-13-406x600.jpg\"><img loading=\"lazy\" decoding=\"async\" class=\"aligncenter size-full wp-image-346464\" src=\"https:\/\/hashtag.al\/wp-content\/uploads\/2020\/01\/2-13-406x600.jpg\" alt=\"\" width=\"406\" height=\"600\" srcset=\"https:\/\/www.hashtag.al\/wp-content\/uploads\/2020\/01\/2-13-406x600.jpg 406w, https:\/\/www.hashtag.al\/wp-content\/uploads\/2020\/01\/2-13-406x600-203x300.jpg 203w\" sizes=\"auto, (max-width: 406px) 100vw, 406px\" \/><\/a><\/p>\n","protected":false,"gt_translate_keys":[{"key":"rendered","format":"html"}]},"excerpt":{"rendered":"<p>Kreu i L\u00ebvizjes Vet\u00ebvendosje, Albin Kurti i ka kthyer p\u00ebrgjigje p\u00ebrmes nj\u00eb letre presidentit t\u00eb Kosov\u00ebs, Hashim Tha\u00e7it pas presionit t\u00eb vazhduesh\u00ebm t\u00eb k\u00ebtij t\u00eb fundit p\u00ebr t\u00eb zbuluar t\u00eb mandatuarin si kryeminist\u00ebr. Kurti i ka k\u00ebrkuar Tha\u00e7it q\u00eb t\u00eb mos ndikoj\u00eb e t\u00eb mos imponoj\u00eb krijimin e qeveris\u00eb, por e ka k\u00ebshilluar at\u00eb t\u00eb [&hellip;]<\/p>\n","protected":false,"gt_translate_keys":[{"key":"rendered","format":"html"}]},"author":30,"featured_media":343793,"comment_status":"open","ping_status":"open","sticky":false,"template":"","format":"standard","meta":{"footnotes":""},"categories":[149,13],"tags":[],"class_list":["post-346462","post","type-post","status-publish","format-standard","has-post-thumbnail","hentry","category-kosoverajon","category-te-fundit"],"gt_translate_keys":[{"key":"link","format":"url"}],"_links":{"self":[{"href":"https:\/\/www.hashtag.al\/index.php\/wp-json\/wp\/v2\/posts\/346462","targetHints":{"allow":["GET"]}}],"collection":[{"href":"https:\/\/www.hashtag.al\/index.php\/wp-json\/wp\/v2\/posts"}],"about":[{"href":"https:\/\/www.hashtag.al\/index.php\/wp-json\/wp\/v2\/types\/post"}],"author":[{"embeddable":true,"href":"https:\/\/www.hashtag.al\/index.php\/wp-json\/wp\/v2\/users\/30"}],"replies":[{"embeddable":true,"href":"https:\/\/www.hashtag.al\/index.php\/wp-json\/wp\/v2\/comments?post=346462"}],"version-history":[{"count":0,"href":"https:\/\/www.hashtag.al\/index.php\/wp-json\/wp\/v2\/posts\/346462\/revisions"}],"wp:featuredmedia":[{"embeddable":true,"href":"https:\/\/www.hashtag.al\/index.php\/wp-json\/wp\/v2\/media\/343793"}],"wp:attachment":[{"href":"https:\/\/www.hashtag.al\/index.php\/wp-json\/wp\/v2\/media?parent=346462"}],"wp:term":[{"taxonomy":"category","embeddable":true,"href":"https:\/\/www.hashtag.al\/index.php\/wp-json\/wp\/v2\/categories?post=346462"},{"taxonomy":"post_tag","embeddable":true,"href":"https:\/\/www.hashtag.al\/index.php\/wp-json\/wp\/v2\/tags?post=346462"}],"curies":[{"name":"wp","href":"https:\/\/api.w.org\/{rel}","templated":true}]}}