{"id":346376,"date":"2020-01-12T18:11:53","date_gmt":"2020-01-12T17:11:53","guid":{"rendered":"https:\/\/hashtag.al\/?p=346376"},"modified":"2020-01-12T18:11:53","modified_gmt":"2020-01-12T17:11:53","slug":"reshjet-e-bores-ne-diber-dhe-korce-probleme-me-qarkullimin-e-mjeteve","status":"publish","type":"post","link":"https:\/\/www.hashtag.al\/index.php\/2020\/01\/12\/reshjet-e-bores-ne-diber-dhe-korce-probleme-me-qarkullimin-e-mjeteve\/","title":{"rendered":"Reshjet e bor\u00ebs n\u00eb Dib\u00ebr dhe Kor\u00e7\u00eb, probleme me qarkullimin e mjeteve","gt_translate_keys":[{"key":"rendered","format":"text"}]},"content":{"rendered":"<p><img loading=\"lazy\" decoding=\"async\" class=\"aligncenter size-full wp-image-346377\" src=\"https:\/\/hashtag.al\/wp-content\/uploads\/2020\/01\/dardhe.jpg\" alt=\"\" width=\"960\" height=\"539\" srcset=\"https:\/\/www.hashtag.al\/wp-content\/uploads\/2020\/01\/dardhe.jpg 960w, https:\/\/www.hashtag.al\/wp-content\/uploads\/2020\/01\/dardhe-300x168.jpg 300w, https:\/\/www.hashtag.al\/wp-content\/uploads\/2020\/01\/dardhe-768x431.jpg 768w\" sizes=\"auto, (max-width: 960px) 100vw, 960px\" \/><\/p>\n<p><span style=\"color: #000000;\">D\u00ebbora ka zbardhur qarkun e Dibr\u00ebs dhe fshatrat turistik t\u00eb Dardh\u00ebs dhe Voskopoj\u00ebs n\u00eb Kor\u00e7\u00eb. Si pasoj\u00eb e reshjeve t\u00eb d\u00ebbor\u00ebs, ka pasur v\u00ebshtir\u00ebsi n\u00eb qarkullim.<\/span><\/p>\n<p><span style=\"color: #000000;\">N\u00eb Kor\u00e7\u00eb, Autoriteti Rrugor Shqiptar, b\u00ebn thirrje p\u00ebr qarkullim me zinxhir\u00eb n\u00eb disa pjes\u00eb t\u00eb aksit rrugor q\u00eb t\u00eb \u00e7on n\u00eb fshatin e Dardh\u00ebs.<\/span><\/p>\n<p><span style=\"color: #000000;\">Po ashtu n\u00eb qarkun e Dibr\u00ebs, rruga nacionale Maqellar\u00eb \u2013 Peshkopi ka probleme me qarkullimin. Automjetet kan\u00eb mbetur t\u00eb bllokuar p\u00ebr mbi 1 or\u00eb.<\/span><\/p>\n<p><span style=\"color: #000000;\">Situata e motit sipas meterolog\u00ebve n\u00eb dit\u00ebt n\u00eb vazhdim do shfaqet me kthjellime dhe vran\u00ebsira t\u00eb lehta si dhe do shoq\u00ebrohet me rritje t\u00eb temperaturave.<\/span><\/p>\n","protected":false,"gt_translate_keys":[{"key":"rendered","format":"html"}]},"excerpt":{"rendered":"<p>D\u00ebbora ka zbardhur qarkun e Dibr\u00ebs dhe fshatrat turistik t\u00eb Dardh\u00ebs dhe Voskopoj\u00ebs n\u00eb Kor\u00e7\u00eb. Si pasoj\u00eb e reshjeve t\u00eb d\u00ebbor\u00ebs, ka pasur v\u00ebshtir\u00ebsi n\u00eb qarkullim. N\u00eb Kor\u00e7\u00eb, Autoriteti Rrugor Shqiptar, b\u00ebn thirrje p\u00ebr qarkullim me zinxhir\u00eb n\u00eb disa pjes\u00eb t\u00eb aksit rrugor q\u00eb t\u00eb \u00e7on n\u00eb fshatin e Dardh\u00ebs. Po ashtu n\u00eb qarkun e [&hellip;]<\/p>\n","protected":false,"gt_translate_keys":[{"key":"rendered","format":"html"}]},"author":32,"featured_media":346377,"comment_status":"open","ping_status":"open","sticky":false,"template":"","format":"standard","meta":{"footnotes":""},"categories":[65,13],"tags":[],"class_list":["post-346376","post","type-post","status-publish","format-standard","has-post-thumbnail","hentry","category-lajme","category-te-fundit"],"gt_translate_keys":[{"key":"link","format":"url"}],"_links":{"self":[{"href":"https:\/\/www.hashtag.al\/index.php\/wp-json\/wp\/v2\/posts\/346376","targetHints":{"allow":["GET"]}}],"collection":[{"href":"https:\/\/www.hashtag.al\/index.php\/wp-json\/wp\/v2\/posts"}],"about":[{"href":"https:\/\/www.hashtag.al\/index.php\/wp-json\/wp\/v2\/types\/post"}],"author":[{"embeddable":true,"href":"https:\/\/www.hashtag.al\/index.php\/wp-json\/wp\/v2\/users\/32"}],"replies":[{"embeddable":true,"href":"https:\/\/www.hashtag.al\/index.php\/wp-json\/wp\/v2\/comments?post=346376"}],"version-history":[{"count":0,"href":"https:\/\/www.hashtag.al\/index.php\/wp-json\/wp\/v2\/posts\/346376\/revisions"}],"wp:featuredmedia":[{"embeddable":true,"href":"https:\/\/www.hashtag.al\/index.php\/wp-json\/wp\/v2\/media\/346377"}],"wp:attachment":[{"href":"https:\/\/www.hashtag.al\/index.php\/wp-json\/wp\/v2\/media?parent=346376"}],"wp:term":[{"taxonomy":"category","embeddable":true,"href":"https:\/\/www.hashtag.al\/index.php\/wp-json\/wp\/v2\/categories?post=346376"},{"taxonomy":"post_tag","embeddable":true,"href":"https:\/\/www.hashtag.al\/index.php\/wp-json\/wp\/v2\/tags?post=346376"}],"curies":[{"name":"wp","href":"https:\/\/api.w.org\/{rel}","templated":true}]}}