{"id":346184,"date":"2020-01-11T19:50:23","date_gmt":"2020-01-11T18:50:23","guid":{"rendered":"https:\/\/hashtag.al\/?p=346184"},"modified":"2020-01-11T19:50:23","modified_gmt":"2020-01-11T18:50:23","slug":"irani-i-kerkon-ndjese-ukraines-per-avionin-e-rrezuar-pergjegjesit-do-perballen-me-drejtesine","status":"publish","type":"post","link":"https:\/\/www.hashtag.al\/index.php\/2020\/01\/11\/irani-i-kerkon-ndjese-ukraines-per-avionin-e-rrezuar-pergjegjesit-do-perballen-me-drejtesine\/","title":{"rendered":"Irani i k\u00ebrkon ndjes\u00eb Ukrain\u00ebs p\u00ebr avionin e rr\u00ebzuar: P\u00ebrgjegj\u00ebsit do p\u00ebrballen me drejt\u00ebsin\u00eb","gt_translate_keys":[{"key":"rendered","format":"text"}]},"content":{"rendered":"<p><img loading=\"lazy\" decoding=\"async\" class=\"aligncenter size-full wp-image-346185\" src=\"https:\/\/hashtag.al\/wp-content\/uploads\/2020\/01\/irankhamenei.jpg2_.jpg\" alt=\"\" width=\"980\" height=\"551\" srcset=\"https:\/\/www.hashtag.al\/wp-content\/uploads\/2020\/01\/irankhamenei.jpg2_.jpg 980w, https:\/\/www.hashtag.al\/wp-content\/uploads\/2020\/01\/irankhamenei.jpg2_-300x169.jpg 300w, https:\/\/www.hashtag.al\/wp-content\/uploads\/2020\/01\/irankhamenei.jpg2_-768x432.jpg 768w\" sizes=\"auto, (max-width: 980px) 100vw, 980px\" \/><\/p>\n<p><span style=\"color: #000000;\">Udh\u00ebheq\u00ebsi Suprem i Iranit, Ayatollah Ali Khamenei, ka ngush\u00eblluar familjet e viktimave t\u00eb avionit t\u00eb rr\u00ebzuar dhe b\u00ebri thirrje p\u00ebr nj\u00eb hetim t\u00eb shpejt\u00eb dhe t\u00eb thelluar, pasi forcat e armatosura iranian pranuan se q\u00eblluan aksidentalisht mjetin ajror ukrainas.<\/span><\/p>\n<p><span style=\"color: #000000;\">Edhe presidenti iranian, Hassan Rouhani, tha se autoritetet do e zbardhin sa m\u00eb shpejt ngjarjen e r\u00ebnd\u00eb. Ai i k\u00ebrkoi ndjes\u00eb presidentit ukrainas, Volodymir Zelensky, lidhur me ngjarjen tragjike. <\/span><\/p>\n<p><span style=\"color: #000000;\">Rouhani shprehu ngush\u00ebllimet e tij p\u00ebr popullin ukrainas si dhe p\u00ebr t\u00eb af\u00ebrmit e viktimave, tha zyra e presidentit ukrainas n\u00eb nj\u00eb deklarat\u00eb.<\/span><\/p>\n<p><span style=\"color: #000000;\">Teherani gjithashtu u zotua t&#8217;i jepte t\u00eb gjith\u00eb ndihm\u00ebn e nevojshme grupit t\u00eb ekspert\u00ebve ukrainas q\u00eb po hetonte rastin dhe premtoi se do t\u00eb vinte para drejt\u00ebsis\u00eb t\u00eb gjith\u00eb p\u00ebrgjegj\u00ebsit.<\/span><\/p>\n<p><span style=\"color: #000000;\"> Zelensky p\u00ebrsh\u00ebndeti pranimin e fajit nga Irani dhe tha se i hapte rrug\u00eb hetimit t\u00eb m\u00ebtejsh\u00ebm t\u00eb \u00e7\u00ebshtjes. Ai gjithashtu tha se ai pret q\u00eb Irani t\u00eb bashk\u00ebpunonte plot\u00ebsisht me Ukrain\u00ebn n\u00eb p\u00ebrputhje me ligjin nd\u00ebrkomb\u00ebtar<\/span><\/p>\n","protected":false,"gt_translate_keys":[{"key":"rendered","format":"html"}]},"excerpt":{"rendered":"<p>Udh\u00ebheq\u00ebsi Suprem i Iranit, Ayatollah Ali Khamenei, ka ngush\u00eblluar familjet e viktimave t\u00eb avionit t\u00eb rr\u00ebzuar dhe b\u00ebri thirrje p\u00ebr nj\u00eb hetim t\u00eb shpejt\u00eb dhe t\u00eb thelluar, pasi forcat e armatosura iranian pranuan se q\u00eblluan aksidentalisht mjetin ajror ukrainas. Edhe presidenti iranian, Hassan Rouhani, tha se autoritetet do e zbardhin sa m\u00eb shpejt ngjarjen e [&hellip;]<\/p>\n","protected":false,"gt_translate_keys":[{"key":"rendered","format":"html"}]},"author":51,"featured_media":346185,"comment_status":"open","ping_status":"open","sticky":false,"template":"","format":"standard","meta":{"footnotes":""},"categories":[6],"tags":[],"class_list":["post-346184","post","type-post","status-publish","format-standard","has-post-thumbnail","hentry","category-nderkombetare"],"gt_translate_keys":[{"key":"link","format":"url"}],"_links":{"self":[{"href":"https:\/\/www.hashtag.al\/index.php\/wp-json\/wp\/v2\/posts\/346184","targetHints":{"allow":["GET"]}}],"collection":[{"href":"https:\/\/www.hashtag.al\/index.php\/wp-json\/wp\/v2\/posts"}],"about":[{"href":"https:\/\/www.hashtag.al\/index.php\/wp-json\/wp\/v2\/types\/post"}],"author":[{"embeddable":true,"href":"https:\/\/www.hashtag.al\/index.php\/wp-json\/wp\/v2\/users\/51"}],"replies":[{"embeddable":true,"href":"https:\/\/www.hashtag.al\/index.php\/wp-json\/wp\/v2\/comments?post=346184"}],"version-history":[{"count":0,"href":"https:\/\/www.hashtag.al\/index.php\/wp-json\/wp\/v2\/posts\/346184\/revisions"}],"wp:featuredmedia":[{"embeddable":true,"href":"https:\/\/www.hashtag.al\/index.php\/wp-json\/wp\/v2\/media\/346185"}],"wp:attachment":[{"href":"https:\/\/www.hashtag.al\/index.php\/wp-json\/wp\/v2\/media?parent=346184"}],"wp:term":[{"taxonomy":"category","embeddable":true,"href":"https:\/\/www.hashtag.al\/index.php\/wp-json\/wp\/v2\/categories?post=346184"},{"taxonomy":"post_tag","embeddable":true,"href":"https:\/\/www.hashtag.al\/index.php\/wp-json\/wp\/v2\/tags?post=346184"}],"curies":[{"name":"wp","href":"https:\/\/api.w.org\/{rel}","templated":true}]}}