{"id":346093,"date":"2020-01-11T14:08:21","date_gmt":"2020-01-11T13:08:21","guid":{"rendered":"https:\/\/hashtag.al\/?p=346093"},"modified":"2020-01-11T14:08:21","modified_gmt":"2020-01-11T13:08:21","slug":"pas-ibres-milan-firmos-me-simone-kjaer","status":"publish","type":"post","link":"https:\/\/www.hashtag.al\/index.php\/2020\/01\/11\/pas-ibres-milan-firmos-me-simone-kjaer\/","title":{"rendered":"Pas Ibr\u00ebs, Milan firmos me Simone Kjaer","gt_translate_keys":[{"key":"rendered","format":"text"}]},"content":{"rendered":"<p><img loading=\"lazy\" decoding=\"async\" class=\"aligncenter size-full wp-image-346094\" src=\"https:\/\/hashtag.al\/wp-content\/uploads\/2020\/01\/kjaer_3.jpg\" alt=\"\" width=\"831\" height=\"470\" srcset=\"https:\/\/www.hashtag.al\/wp-content\/uploads\/2020\/01\/kjaer_3.jpg 831w, https:\/\/www.hashtag.al\/wp-content\/uploads\/2020\/01\/kjaer_3-300x170.jpg 300w, https:\/\/www.hashtag.al\/wp-content\/uploads\/2020\/01\/kjaer_3-768x434.jpg 768w\" sizes=\"auto, (max-width: 831px) 100vw, 831px\" \/><\/p>\n<p><span style=\"color: #000000;\">Milan ka firmosur me nj\u00eb tjet\u00ebr futbollist pas Zlatan Ibrahimovic. Mbrojt\u00ebsi i Atalant\u00ebs q\u00eb \u00ebsht\u00eb i huazuar nga Sevillia, Simone Kjaer, ka kryer sot vizitat mjek\u00ebsore n\u00eb Milano dhe n\u00eb or\u00ebt n\u00eb vijim pritet t\u00eb n\u00ebnshkruaj\u00eb kontrat\u00ebn.<\/span><\/p>\n<p><span style=\"color: #000000;\">Milan ka mbyllur marr\u00ebveshjen n\u00eb form\u00eb huazimi me t\u00eb drejt\u00eb blerje n\u00eb fund t\u00eb sezonit. Kjaer \u00ebsht\u00eb 30 vje\u00e7 dhe \u00ebsht\u00eb bler\u00eb pas k\u00ebrkes\u00ebs s\u00eb Piolit p\u00ebr t\u00eb z\u00ebvend\u00ebsuar Caladara-n.<\/span><\/p>\n","protected":false,"gt_translate_keys":[{"key":"rendered","format":"html"}]},"excerpt":{"rendered":"<p>Milan ka firmosur me nj\u00eb tjet\u00ebr futbollist pas Zlatan Ibrahimovic. Mbrojt\u00ebsi i Atalant\u00ebs q\u00eb \u00ebsht\u00eb i huazuar nga Sevillia, Simone Kjaer, ka kryer sot vizitat mjek\u00ebsore n\u00eb Milano dhe n\u00eb or\u00ebt n\u00eb vijim pritet t\u00eb n\u00ebnshkruaj\u00eb kontrat\u00ebn. Milan ka mbyllur marr\u00ebveshjen n\u00eb form\u00eb huazimi me t\u00eb drejt\u00eb blerje n\u00eb fund t\u00eb sezonit. Kjaer \u00ebsht\u00eb 30 [&hellip;]<\/p>\n","protected":false,"gt_translate_keys":[{"key":"rendered","format":"html"}]},"author":32,"featured_media":346094,"comment_status":"open","ping_status":"open","sticky":false,"template":"","format":"standard","meta":{"footnotes":""},"categories":[134,13],"tags":[],"class_list":["post-346093","post","type-post","status-publish","format-standard","has-post-thumbnail","hentry","category-sport","category-te-fundit"],"gt_translate_keys":[{"key":"link","format":"url"}],"_links":{"self":[{"href":"https:\/\/www.hashtag.al\/index.php\/wp-json\/wp\/v2\/posts\/346093","targetHints":{"allow":["GET"]}}],"collection":[{"href":"https:\/\/www.hashtag.al\/index.php\/wp-json\/wp\/v2\/posts"}],"about":[{"href":"https:\/\/www.hashtag.al\/index.php\/wp-json\/wp\/v2\/types\/post"}],"author":[{"embeddable":true,"href":"https:\/\/www.hashtag.al\/index.php\/wp-json\/wp\/v2\/users\/32"}],"replies":[{"embeddable":true,"href":"https:\/\/www.hashtag.al\/index.php\/wp-json\/wp\/v2\/comments?post=346093"}],"version-history":[{"count":0,"href":"https:\/\/www.hashtag.al\/index.php\/wp-json\/wp\/v2\/posts\/346093\/revisions"}],"wp:featuredmedia":[{"embeddable":true,"href":"https:\/\/www.hashtag.al\/index.php\/wp-json\/wp\/v2\/media\/346094"}],"wp:attachment":[{"href":"https:\/\/www.hashtag.al\/index.php\/wp-json\/wp\/v2\/media?parent=346093"}],"wp:term":[{"taxonomy":"category","embeddable":true,"href":"https:\/\/www.hashtag.al\/index.php\/wp-json\/wp\/v2\/categories?post=346093"},{"taxonomy":"post_tag","embeddable":true,"href":"https:\/\/www.hashtag.al\/index.php\/wp-json\/wp\/v2\/tags?post=346093"}],"curies":[{"name":"wp","href":"https:\/\/api.w.org\/{rel}","templated":true}]}}