{"id":346085,"date":"2020-01-11T13:39:41","date_gmt":"2020-01-11T12:39:41","guid":{"rendered":"https:\/\/hashtag.al\/?p=346085"},"modified":"2020-01-11T13:39:41","modified_gmt":"2020-01-11T12:39:41","slug":"rrahen-administratorin-e-njesise-gjocaj-ne-peqin-shpallen-ne-kerkim-4-persona","status":"publish","type":"post","link":"https:\/\/www.hashtag.al\/index.php\/2020\/01\/11\/rrahen-administratorin-e-njesise-gjocaj-ne-peqin-shpallen-ne-kerkim-4-persona\/","title":{"rendered":"Rrah\u00ebn administratorin e nj\u00ebsis\u00eb Gjocaj n\u00eb Peqin, shpallen n\u00eb k\u00ebrkim 4 persona","gt_translate_keys":[{"key":"rendered","format":"text"}]},"content":{"rendered":"<p><img loading=\"lazy\" decoding=\"async\" class=\"aligncenter size-full wp-image-311571\" src=\"https:\/\/hashtag.al\/wp-content\/uploads\/2019\/07\/policiailustruese.png\" alt=\"\" width=\"711\" height=\"370\" srcset=\"https:\/\/www.hashtag.al\/wp-content\/uploads\/2019\/07\/policiailustruese.png 711w, https:\/\/www.hashtag.al\/wp-content\/uploads\/2019\/07\/policiailustruese-300x156.png 300w\" sizes=\"auto, (max-width: 711px) 100vw, 711px\" \/><\/p>\n<p><span style=\"color: #000000;\">Kat\u00ebr persona kan\u00eb dhunuar me mjete t\u00eb forta administratorin e Nj\u00ebsis\u00eb Administrative Gjocaj n\u00eb Peqin.<\/span><\/p>\n<p><span style=\"color: #000000;\">T\u00eb kat\u00ebr shtetasit jan\u00eb shpallur n\u00eb k\u00ebrkim pasi jan\u00eb larguar nga vendngjarja, nd\u00ebrsa nj\u00eb person tjet\u00ebr \u00ebsht\u00eb proceduar n\u00eb gjendje t\u00eb lir\u00eb.<\/span><\/p>\n<p><span style=\"color: #000000;\">T\u00eb shpallur n\u00eb k\u00ebrkim jan\u00eb E. M., 30 vje\u00e7, Xh. M., 23 vje\u00e7, A. M., 32 vje\u00e7, (v\u00ebllez\u00ebr) dhe K. S., 35 vje\u00e7, banues n\u00eb Peqin.<\/span><\/p>\n<p><span style=\"color: #000000;\">K\u00ebta shtetas, n\u00eb bashk\u00ebpunim me nj\u00ebri-tjetrin, n\u00eb qytetin e Peqinit, p\u00ebr shkak t\u00eb detyr\u00ebs, kan\u00eb goditur me mjete t\u00eb forta administratorin e Nj\u00ebsis\u00eb Administrative Gjocaj, shtetasin B. H., 29 vje\u00e7, jasht\u00eb rrezikut p\u00ebr jet\u00ebn.<\/span><\/p>\n<p><span style=\"color: #000000;\">Godit\u00ebn me mjete t\u00eb forta administratorin e Nj\u00ebsis\u00eb Administrative Gjocaj, shpallen n\u00eb k\u00ebrkim 4 shtetas, si dhe procedohet n\u00eb gjendje t\u00eb lir\u00eb 1 tjet\u00ebr.<\/span><\/p>\n<p><span style=\"color: #000000;\">Sh\u00ebrbimet e Komisariatit t\u00eb Policis\u00eb Peqin, pas njoftimit t\u00eb marr\u00eb se disa persona kan\u00eb goditur me mjete t\u00eb forta administratorin e Nj\u00ebsis\u00eb Administrative Gjocaj, kan\u00eb shkuar menj\u00ebher\u00eb n\u00eb vendin e ngjarjes.<\/span><\/p>\n<p><span style=\"color: #000000;\">Shtetasit q\u00eb kishin goditur administratorin e Nj\u00ebsis\u00eb Administrative, sapo kan\u00eb par\u00eb Policin\u00eb jan\u00eb larguar menj\u00ebher\u00eb.<\/span><\/p>\n<p><span style=\"color: #000000;\">Specialist\u00ebt p\u00ebr Hetimin e Krimit n\u00eb Komisariatin e Policis\u00eb Peqin, b\u00ebn\u00eb shpalljen n\u00eb k\u00ebrkim t\u00eb shtetaseve E. M., 30 vje\u00e7, Xh. M., 23 vje\u00e7, A. M., 32 vje\u00e7, (v\u00ebllez\u00ebr) dhe K. S., 35 vje\u00e7, banues n\u00eb Peqin dhe vijon puna p\u00ebr kapjen e tyre.<\/span><\/p>\n<p><span style=\"color: #000000;\">Gjithashtu, u procedua penalisht n\u00eb gjendje t\u00eb lir\u00eb edhe shtetasi N. M., 61 vje\u00e7, banues n\u00eb Peqin.<\/span><\/p>\n<p><span style=\"color: #000000;\">K\u00ebta shtetas, n\u00eb bashk\u00ebpunim me nj\u00ebri-tjetrin, n\u00eb qytetin e Peqinit, p\u00ebr shkak t\u00eb detyr\u00ebs, kan\u00eb goditur me mjete t\u00eb forta administratorin e Nj\u00ebsis\u00eb Administrative Gjocaj, shtetasin B. H., 29 vje\u00e7, jasht\u00eb rrezikut p\u00ebr jet\u00ebn.<\/span><\/p>\n<p><span style=\"color: #000000;\">Materialet hetimore i kaluan Prokuroris\u00eb pran\u00eb Gjykat\u00ebs s\u00eb Shkall\u00ebs Par\u00eb Elbasan, p\u00ebr veprimet e m\u00ebtejshme.<\/span><\/p>\n","protected":false,"gt_translate_keys":[{"key":"rendered","format":"html"}]},"excerpt":{"rendered":"<p>Kat\u00ebr persona kan\u00eb dhunuar me mjete t\u00eb forta administratorin e Nj\u00ebsis\u00eb Administrative Gjocaj n\u00eb Peqin. T\u00eb kat\u00ebr shtetasit jan\u00eb shpallur n\u00eb k\u00ebrkim pasi jan\u00eb larguar nga vendngjarja, nd\u00ebrsa nj\u00eb person tjet\u00ebr \u00ebsht\u00eb proceduar n\u00eb gjendje t\u00eb lir\u00eb. T\u00eb shpallur n\u00eb k\u00ebrkim jan\u00eb E. M., 30 vje\u00e7, Xh. M., 23 vje\u00e7, A. M., 32 vje\u00e7, (v\u00ebllez\u00ebr) [&hellip;]<\/p>\n","protected":false,"gt_translate_keys":[{"key":"rendered","format":"html"}]},"author":32,"featured_media":311571,"comment_status":"open","ping_status":"open","sticky":false,"template":"","format":"standard","meta":{"footnotes":""},"categories":[65,13],"tags":[],"class_list":["post-346085","post","type-post","status-publish","format-standard","has-post-thumbnail","hentry","category-lajme","category-te-fundit"],"gt_translate_keys":[{"key":"link","format":"url"}],"_links":{"self":[{"href":"https:\/\/www.hashtag.al\/index.php\/wp-json\/wp\/v2\/posts\/346085","targetHints":{"allow":["GET"]}}],"collection":[{"href":"https:\/\/www.hashtag.al\/index.php\/wp-json\/wp\/v2\/posts"}],"about":[{"href":"https:\/\/www.hashtag.al\/index.php\/wp-json\/wp\/v2\/types\/post"}],"author":[{"embeddable":true,"href":"https:\/\/www.hashtag.al\/index.php\/wp-json\/wp\/v2\/users\/32"}],"replies":[{"embeddable":true,"href":"https:\/\/www.hashtag.al\/index.php\/wp-json\/wp\/v2\/comments?post=346085"}],"version-history":[{"count":0,"href":"https:\/\/www.hashtag.al\/index.php\/wp-json\/wp\/v2\/posts\/346085\/revisions"}],"wp:featuredmedia":[{"embeddable":true,"href":"https:\/\/www.hashtag.al\/index.php\/wp-json\/wp\/v2\/media\/311571"}],"wp:attachment":[{"href":"https:\/\/www.hashtag.al\/index.php\/wp-json\/wp\/v2\/media?parent=346085"}],"wp:term":[{"taxonomy":"category","embeddable":true,"href":"https:\/\/www.hashtag.al\/index.php\/wp-json\/wp\/v2\/categories?post=346085"},{"taxonomy":"post_tag","embeddable":true,"href":"https:\/\/www.hashtag.al\/index.php\/wp-json\/wp\/v2\/tags?post=346085"}],"curies":[{"name":"wp","href":"https:\/\/api.w.org\/{rel}","templated":true}]}}