{"id":345841,"date":"2020-01-10T13:56:25","date_gmt":"2020-01-10T12:56:25","guid":{"rendered":"https:\/\/hashtag.al\/?p=345841"},"modified":"2020-01-10T14:47:58","modified_gmt":"2020-01-10T13:47:58","slug":"pd-publikon-dokumentin-e-prokurorise-greke-qerim-ismailaj-i-denuar-me-tre-vite-burg","status":"publish","type":"post","link":"https:\/\/www.hashtag.al\/index.php\/2020\/01\/10\/pd-publikon-dokumentin-e-prokurorise-greke-qerim-ismailaj-i-denuar-me-tre-vite-burg\/","title":{"rendered":"PD publikon dokumentin e prokuroris\u00eb greke: Qerim Ismailaj i d\u00ebnuar me tre vite burg","gt_translate_keys":[{"key":"rendered","format":"text"}]},"content":{"rendered":"<p><a href=\"https:\/\/hashtag.al\/wp-content\/uploads\/2020\/01\/ismailajmallakaster.jpg\"><img loading=\"lazy\" decoding=\"async\" class=\"aligncenter size-full wp-image-345388\" src=\"https:\/\/hashtag.al\/wp-content\/uploads\/2020\/01\/ismailajmallakaster.jpg\" alt=\"\" width=\"960\" height=\"640\" \/><\/a><\/p>\n<p><span style=\"color: #000000;\">Partia Demokratike ka publikuar nj\u00eb dokument t\u00eb prokuroris\u00eb greke, ku thuhet se kryebashkiaku i Mallakastr\u00ebs\u00a0Qerim Ismailaj, \u00ebsht\u00eb i d\u00ebnuar n\u00eb Greqi me 3 vite burg.<\/span><\/p>\n<p><span style=\"color: #000000;\">Sekretari i P\u00ebrgjithsh\u00ebm i PD-s\u00eb, Gazmend Bardhi thot\u00eb se Ismailaj e fshehu ndalimin dhe d\u00ebnimin n\u00eb formularin e dekriminalizimit. Duke iu referuar dokumenteve greke, Bardhi thot\u00eb se Ismailaj ishte d\u00ebnuar p\u00ebr plagosje por nuk e ka kryer k\u00ebt\u00eb d\u00ebnim pasi nuk \u00ebsht\u00eb gjetur nga autoritetet greke.<\/span><\/p>\n<p><em><span style=\"color: #000000;\">&#8220;Ashtu sikurse premtova dy dit\u00eb m\u00eb par\u00eb, sot do t\u00eb publikojm\u00eb dokumente zyrtare dhe t\u00eb pakund\u00ebrshtushme q\u00eb provojn\u00eb se Qerim Ismailaj, \u00ebsht\u00eb person me rekorde kriminale.<\/span><\/em><\/p>\n<p><em><span style=\"color: #000000;\">Sipas v\u00ebrtetimit me nr. Protokolli 405 t\u00eb Prokuroris\u00eb pran\u00eb Gjykat\u00ebs s\u00eb Shkall\u00ebs s\u00eb Par\u00eb Athin\u00eb, Edi Rama i Mallakastr\u00ebs, Qerim Ismailaj, rezulton i d\u00ebnuar me 3 vjet burgim nga Gjykata e Kios, m\u00eb dat\u00eb 25 Shkurt 2000.<\/span><\/em><\/p>\n<p><em><span style=\"color: #000000;\">Ai \u00ebsht\u00eb d\u00ebnuar p\u00ebr kryerjen e veprimeve t\u00eb dhunshme, plagosje (rrahje) dhe nuk e ka vuajtur d\u00ebnimin p\u00ebr shkak t\u00eb mosgjetjes n\u00eb territorin grek.<\/span><\/em><\/p>\n<p><span style=\"color: #000000;\"><em>Sipas ligjit t\u00eb dekriminalizimit, Qerim Ismailaj nuk mund t\u00eb ushtroj\u00eb asnj\u00eb funskion publik, aq m\u00eb pak t\u00eb jet\u00eb kandidat p\u00ebr Kryetar Bashkie. Ai \u00ebsht\u00eb subjekt ndalimi sipas ligjit dhe duhet menj\u00ebher\u00eb t\u00eb procedohet penalisht p\u00ebr falsifikimin e formularit t\u00eb dekriminalizimit.&#8221;-<\/em> deklaroi Bardhi.<\/span><\/p>\n<p><span style=\"color: #000000;\">Kujtojm\u00eb se Ismailaj e ka mohuar akuz\u00ebn para kamerave, duke th\u00ebn\u00eb se ai n\u00eb <em>&#8220;asnj\u00eb rast nuk \u00ebsht\u00eb ndaluar nga policia greke&#8221;.\/<\/em><strong>Hashtag.al<\/strong><\/span><\/p>\n<p><a href=\"https:\/\/hashtag.al\/wp-content\/uploads\/2020\/01\/ismailaj-1.jpg\"><img loading=\"lazy\" decoding=\"async\" class=\"aligncenter size-full wp-image-345842\" src=\"https:\/\/hashtag.al\/wp-content\/uploads\/2020\/01\/ismailaj-1.jpg\" alt=\"\" width=\"929\" height=\"1280\" srcset=\"https:\/\/www.hashtag.al\/wp-content\/uploads\/2020\/01\/ismailaj-1.jpg 929w, https:\/\/www.hashtag.al\/wp-content\/uploads\/2020\/01\/ismailaj-1-218x300.jpg 218w, https:\/\/www.hashtag.al\/wp-content\/uploads\/2020\/01\/ismailaj-1-768x1058.jpg 768w, https:\/\/www.hashtag.al\/wp-content\/uploads\/2020\/01\/ismailaj-1-743x1024.jpg 743w\" sizes=\"auto, (max-width: 929px) 100vw, 929px\" \/><\/a><\/p>\n","protected":false,"gt_translate_keys":[{"key":"rendered","format":"html"}]},"excerpt":{"rendered":"<p>Partia Demokratike ka publikuar nj\u00eb dokument t\u00eb prokuroris\u00eb greke, ku thuhet se kryebashkiaku i Mallakastr\u00ebs\u00a0Qerim Ismailaj, \u00ebsht\u00eb i d\u00ebnuar n\u00eb Greqi me 3 vite burg. Sekretari i P\u00ebrgjithsh\u00ebm i PD-s\u00eb, Gazmend Bardhi thot\u00eb se Ismailaj e fshehu ndalimin dhe d\u00ebnimin n\u00eb formularin e dekriminalizimit. Duke iu referuar dokumenteve greke, Bardhi thot\u00eb se Ismailaj ishte d\u00ebnuar [&hellip;]<\/p>\n","protected":false,"gt_translate_keys":[{"key":"rendered","format":"html"}]},"author":30,"featured_media":345360,"comment_status":"open","ping_status":"open","sticky":false,"template":"","format":"standard","meta":{"footnotes":""},"categories":[22,65,13],"tags":[],"class_list":["post-345841","post","type-post","status-publish","format-standard","has-post-thumbnail","hentry","category-ballina","category-lajme","category-te-fundit"],"gt_translate_keys":[{"key":"link","format":"url"}],"_links":{"self":[{"href":"https:\/\/www.hashtag.al\/index.php\/wp-json\/wp\/v2\/posts\/345841","targetHints":{"allow":["GET"]}}],"collection":[{"href":"https:\/\/www.hashtag.al\/index.php\/wp-json\/wp\/v2\/posts"}],"about":[{"href":"https:\/\/www.hashtag.al\/index.php\/wp-json\/wp\/v2\/types\/post"}],"author":[{"embeddable":true,"href":"https:\/\/www.hashtag.al\/index.php\/wp-json\/wp\/v2\/users\/30"}],"replies":[{"embeddable":true,"href":"https:\/\/www.hashtag.al\/index.php\/wp-json\/wp\/v2\/comments?post=345841"}],"version-history":[{"count":0,"href":"https:\/\/www.hashtag.al\/index.php\/wp-json\/wp\/v2\/posts\/345841\/revisions"}],"wp:featuredmedia":[{"embeddable":true,"href":"https:\/\/www.hashtag.al\/index.php\/wp-json\/wp\/v2\/media\/345360"}],"wp:attachment":[{"href":"https:\/\/www.hashtag.al\/index.php\/wp-json\/wp\/v2\/media?parent=345841"}],"wp:term":[{"taxonomy":"category","embeddable":true,"href":"https:\/\/www.hashtag.al\/index.php\/wp-json\/wp\/v2\/categories?post=345841"},{"taxonomy":"post_tag","embeddable":true,"href":"https:\/\/www.hashtag.al\/index.php\/wp-json\/wp\/v2\/tags?post=345841"}],"curies":[{"name":"wp","href":"https:\/\/api.w.org\/{rel}","templated":true}]}}