{"id":345791,"date":"2020-01-10T11:39:34","date_gmt":"2020-01-10T10:39:34","guid":{"rendered":"https:\/\/hashtag.al\/?p=345791"},"modified":"2020-01-10T11:43:50","modified_gmt":"2020-01-10T10:43:50","slug":"thaci-vijon-presionin-ndaj-kurtit-i-nis-perseri-leter","status":"publish","type":"post","link":"https:\/\/www.hashtag.al\/index.php\/2020\/01\/10\/thaci-vijon-presionin-ndaj-kurtit-i-nis-perseri-leter\/","title":{"rendered":"Tha\u00e7i vijon presionin ndaj Kurtit, i nis p\u00ebrs\u00ebri let\u00ebr","gt_translate_keys":[{"key":"rendered","format":"text"}]},"content":{"rendered":"<p><a href=\"https:\/\/hashtag.al\/wp-content\/uploads\/2019\/01\/Thaci-Kurti-e1547105658471.jpg\"><img loading=\"lazy\" decoding=\"async\" class=\"aligncenter size-full wp-image-264342\" src=\"https:\/\/hashtag.al\/wp-content\/uploads\/2019\/01\/Thaci-Kurti-e1547105658471.jpg\" alt=\"\" width=\"850\" height=\"694\" srcset=\"https:\/\/www.hashtag.al\/wp-content\/uploads\/2019\/01\/Thaci-Kurti-e1547105658471.jpg 850w, https:\/\/www.hashtag.al\/wp-content\/uploads\/2019\/01\/Thaci-Kurti-e1547105658471-300x245.jpg 300w, https:\/\/www.hashtag.al\/wp-content\/uploads\/2019\/01\/Thaci-Kurti-e1547105658471-768x627.jpg 768w\" sizes=\"auto, (max-width: 850px) 100vw, 850px\" \/><\/a><\/p>\n<p><span style=\"color: #000000;\">Pas afatit 48 or\u00ebsh p\u00ebr formimin e qeveris\u00eb s\u00eb re, presidenti i Kosov\u00ebs, Hashim Tha\u00e7i, i ka d\u00ebrguar nj\u00eb tjet\u00ebr let\u00ebr kreut t\u00eb L\u00ebvizjes Vet\u00ebvendosje, Albin Kurti.<\/span><\/p>\n<p><span style=\"color: #000000;\">N\u00eb letr\u00ebn e tij, Tha\u00e7i i k\u00ebrkon Kurtit q\u00eb ta njoftoj\u00eb n\u00ebse VV-ja do t\u00eb dor\u00ebzoj\u00eb emrin e mandatarit p\u00ebr kryeminist\u00ebr apo n\u00ebse do t\u00eb refuzoj\u00eb ta b\u00ebj\u00eb nj\u00eb gj\u00eb t\u00eb till\u00eb.<\/span><\/p>\n<p><em><span style=\"color: #000000;\">\u201cSi President i Republik\u00ebs s\u00eb Kosov\u00ebs jam i obliguar q\u00eb t\u00eb nd\u00ebrmarr veprime pa vonesa t\u00eb m\u00ebtejme, duke ndjekur t\u00eb gjith\u00eb hapat kushtetues q\u00eb qytetar\u00ebt e Republik\u00ebs s\u00eb Kosov\u00ebs ta ken\u00eb sa m\u00eb shpejt\u00eb qeverin\u00eb e tyre.<\/span><\/em><\/p>\n<p><span style=\"color: #000000;\"><em>Duke marr\u00eb parasysh parimet demokratike, transparenc\u00ebn dhe korrekt\u00ebsin\u00eb politike, ua kam dh\u00ebn\u00eb mund\u00ebsin\u00eb dhe kam k\u00ebrkuar n\u00eb vazhdim\u00ebsi q\u00eb ta propozoni kandidatin\/en p\u00ebr Kryeminist\u00ebr\u201d, i ka shkruar Tha\u00e7i-Kurtit, duke theksuar se ka parasysh edhe Pik\u00ebn 87 t\u00eb Aktgjykimit t\u00eb Gjykat\u00ebs Kushtetuese n\u00eb rastin nr. K0103\/14, e cila v\u00ebren \u201cse nuk p\u00ebrjashtohet q\u00eb partia ose koalicioni n\u00eb fjal\u00eb do t\u00eb refuzoj\u00eb t\u00eb marr\u00eb mandatin\u201d.<\/em> \u2013 shkruan Tha\u00e7i.<\/span><\/p>\n<p><span style=\"color: #000000;\">N\u00eb takimin e tret\u00eb radhazi q\u00eb mbajt\u00ebn dje dy partit\u00eb, LDK-ja dhe VV-ja nuk soll\u00ebn progres n\u00eb negociata. Dy partit\u00eb nuk po flasin publikisht p\u00ebr ofertat q\u00eb jan\u00eb v\u00ebn\u00eb n\u00eb diskutim lidhur me postet n\u00eb qeveri, nd\u00ebrsa nuk dihet kur Kurti do t\u00eb d\u00ebrgoj\u00eb emrin p\u00ebr mandatarin te presidenti Hashim Tha\u00e7i.<\/span><a href=\"https:\/\/hashtag.al\/wp-content\/uploads\/2020\/01\/82139328_475515973386985_3410696816096706560_n.jpg\"><img loading=\"lazy\" decoding=\"async\" class=\"aligncenter size-full wp-image-345792\" src=\"https:\/\/hashtag.al\/wp-content\/uploads\/2020\/01\/82139328_475515973386985_3410696816096706560_n.jpg\" alt=\"\" width=\"1200\" height=\"1600\" srcset=\"https:\/\/www.hashtag.al\/wp-content\/uploads\/2020\/01\/82139328_475515973386985_3410696816096706560_n.jpg 1200w, https:\/\/www.hashtag.al\/wp-content\/uploads\/2020\/01\/82139328_475515973386985_3410696816096706560_n-225x300.jpg 225w, https:\/\/www.hashtag.al\/wp-content\/uploads\/2020\/01\/82139328_475515973386985_3410696816096706560_n-768x1024.jpg 768w\" sizes=\"auto, (max-width: 1200px) 100vw, 1200px\" \/><\/a><\/p>\n","protected":false,"gt_translate_keys":[{"key":"rendered","format":"html"}]},"excerpt":{"rendered":"<p>Pas afatit 48 or\u00ebsh p\u00ebr formimin e qeveris\u00eb s\u00eb re, presidenti i Kosov\u00ebs, Hashim Tha\u00e7i, i ka d\u00ebrguar nj\u00eb tjet\u00ebr let\u00ebr kreut t\u00eb L\u00ebvizjes Vet\u00ebvendosje, Albin Kurti. N\u00eb letr\u00ebn e tij, Tha\u00e7i i k\u00ebrkon Kurtit q\u00eb ta njoftoj\u00eb n\u00ebse VV-ja do t\u00eb dor\u00ebzoj\u00eb emrin e mandatarit p\u00ebr kryeminist\u00ebr apo n\u00ebse do t\u00eb refuzoj\u00eb ta b\u00ebj\u00eb [&hellip;]<\/p>\n","protected":false,"gt_translate_keys":[{"key":"rendered","format":"html"}]},"author":30,"featured_media":264342,"comment_status":"open","ping_status":"open","sticky":false,"template":"","format":"standard","meta":{"footnotes":""},"categories":[65,13],"tags":[],"class_list":["post-345791","post","type-post","status-publish","format-standard","has-post-thumbnail","hentry","category-lajme","category-te-fundit"],"gt_translate_keys":[{"key":"link","format":"url"}],"_links":{"self":[{"href":"https:\/\/www.hashtag.al\/index.php\/wp-json\/wp\/v2\/posts\/345791","targetHints":{"allow":["GET"]}}],"collection":[{"href":"https:\/\/www.hashtag.al\/index.php\/wp-json\/wp\/v2\/posts"}],"about":[{"href":"https:\/\/www.hashtag.al\/index.php\/wp-json\/wp\/v2\/types\/post"}],"author":[{"embeddable":true,"href":"https:\/\/www.hashtag.al\/index.php\/wp-json\/wp\/v2\/users\/30"}],"replies":[{"embeddable":true,"href":"https:\/\/www.hashtag.al\/index.php\/wp-json\/wp\/v2\/comments?post=345791"}],"version-history":[{"count":0,"href":"https:\/\/www.hashtag.al\/index.php\/wp-json\/wp\/v2\/posts\/345791\/revisions"}],"wp:featuredmedia":[{"embeddable":true,"href":"https:\/\/www.hashtag.al\/index.php\/wp-json\/wp\/v2\/media\/264342"}],"wp:attachment":[{"href":"https:\/\/www.hashtag.al\/index.php\/wp-json\/wp\/v2\/media?parent=345791"}],"wp:term":[{"taxonomy":"category","embeddable":true,"href":"https:\/\/www.hashtag.al\/index.php\/wp-json\/wp\/v2\/categories?post=345791"},{"taxonomy":"post_tag","embeddable":true,"href":"https:\/\/www.hashtag.al\/index.php\/wp-json\/wp\/v2\/tags?post=345791"}],"curies":[{"name":"wp","href":"https:\/\/api.w.org\/{rel}","templated":true}]}}