{"id":345684,"date":"2020-01-09T18:15:50","date_gmt":"2020-01-09T17:15:50","guid":{"rendered":"https:\/\/hashtag.al\/?p=345684"},"modified":"2020-01-09T18:15:50","modified_gmt":"2020-01-09T17:15:50","slug":"perfundon-takimi-mes-kurtit-dhe-mustafes-nuk-japin-asnje-detaj-per-mediat","status":"publish","type":"post","link":"https:\/\/www.hashtag.al\/index.php\/2020\/01\/09\/perfundon-takimi-mes-kurtit-dhe-mustafes-nuk-japin-asnje-detaj-per-mediat\/","title":{"rendered":"P\u00ebrfundon takimi mes Kurtit dhe Mustaf\u00ebs, nuk japin asnj\u00eb detaj p\u00ebr mediat","gt_translate_keys":[{"key":"rendered","format":"text"}]},"content":{"rendered":"<p><img loading=\"lazy\" decoding=\"async\" class=\"aligncenter size-full wp-image-344249\" src=\"https:\/\/hashtag.al\/wp-content\/uploads\/2019\/12\/mustafakurti-1.jpg\" alt=\"\" width=\"1280\" height=\"960\" srcset=\"https:\/\/www.hashtag.al\/wp-content\/uploads\/2019\/12\/mustafakurti-1.jpg 1280w, https:\/\/www.hashtag.al\/wp-content\/uploads\/2019\/12\/mustafakurti-1-300x225.jpg 300w, https:\/\/www.hashtag.al\/wp-content\/uploads\/2019\/12\/mustafakurti-1-768x576.jpg 768w, https:\/\/www.hashtag.al\/wp-content\/uploads\/2019\/12\/mustafakurti-1-1024x768.jpg 1024w\" sizes=\"auto, (max-width: 1280px) 100vw, 1280px\" \/><\/p>\n<p><span style=\"color: #000000;\">Kreu i LDK-s\u00eb, Isa Mustafa, dhe ai i VV-s\u00eb, Albin Kurti, pas takimit t\u00eb sot\u00ebm q\u00eb ka zgjatur rreth dy or\u00eb jan\u00eb larguar nga i Kuvendit t\u00eb Kosov\u00ebs pa treguar se \u00e7far\u00eb ka ndodhur brenda n\u00eb takim.<\/span><\/p>\n<p><span style=\"color: #000000;\">Ky ka qen\u00eb takimi i tyre i tret\u00eb pas 26 dhjetorit, nd\u00ebrkoh\u00eb edhe p\u00ebrkund\u00ebr pritjeve t\u00eb shumta q\u00eb sot do t\u00eb kishte ndonj\u00eb marr\u00ebveshje potenciale, duket se dy partit\u00eb nuk kan\u00eb arritur kurrfar\u00eb marr\u00ebveshje, raporton Gazeta Express.<\/span><\/p>\n<p><span style=\"color: #000000;\">Pas gjith\u00eb k\u00ebtyre muajve negociata, kjo \u00ebsht\u00eb hera e par\u00eb q\u00eb dy partit\u00eb nuk zgjedhin t\u00eb prononcohen p\u00ebr media rreth asaj se \u00e7far\u00eb ka ndodhur n\u00eb tryez\u00ebn e bisedimeve<\/span><\/p>\n<p>&nbsp;<\/p>\n","protected":false,"gt_translate_keys":[{"key":"rendered","format":"html"}]},"excerpt":{"rendered":"<p>Kreu i LDK-s\u00eb, Isa Mustafa, dhe ai i VV-s\u00eb, Albin Kurti, pas takimit t\u00eb sot\u00ebm q\u00eb ka zgjatur rreth dy or\u00eb jan\u00eb larguar nga i Kuvendit t\u00eb Kosov\u00ebs pa treguar se \u00e7far\u00eb ka ndodhur brenda n\u00eb takim. Ky ka qen\u00eb takimi i tyre i tret\u00eb pas 26 dhjetorit, nd\u00ebrkoh\u00eb edhe p\u00ebrkund\u00ebr pritjeve t\u00eb shumta q\u00eb [&hellip;]<\/p>\n","protected":false,"gt_translate_keys":[{"key":"rendered","format":"html"}]},"author":32,"featured_media":340383,"comment_status":"open","ping_status":"open","sticky":false,"template":"","format":"standard","meta":{"footnotes":""},"categories":[149,13],"tags":[],"class_list":["post-345684","post","type-post","status-publish","format-standard","has-post-thumbnail","hentry","category-kosoverajon","category-te-fundit"],"gt_translate_keys":[{"key":"link","format":"url"}],"_links":{"self":[{"href":"https:\/\/www.hashtag.al\/index.php\/wp-json\/wp\/v2\/posts\/345684","targetHints":{"allow":["GET"]}}],"collection":[{"href":"https:\/\/www.hashtag.al\/index.php\/wp-json\/wp\/v2\/posts"}],"about":[{"href":"https:\/\/www.hashtag.al\/index.php\/wp-json\/wp\/v2\/types\/post"}],"author":[{"embeddable":true,"href":"https:\/\/www.hashtag.al\/index.php\/wp-json\/wp\/v2\/users\/32"}],"replies":[{"embeddable":true,"href":"https:\/\/www.hashtag.al\/index.php\/wp-json\/wp\/v2\/comments?post=345684"}],"version-history":[{"count":0,"href":"https:\/\/www.hashtag.al\/index.php\/wp-json\/wp\/v2\/posts\/345684\/revisions"}],"wp:featuredmedia":[{"embeddable":true,"href":"https:\/\/www.hashtag.al\/index.php\/wp-json\/wp\/v2\/media\/340383"}],"wp:attachment":[{"href":"https:\/\/www.hashtag.al\/index.php\/wp-json\/wp\/v2\/media?parent=345684"}],"wp:term":[{"taxonomy":"category","embeddable":true,"href":"https:\/\/www.hashtag.al\/index.php\/wp-json\/wp\/v2\/categories?post=345684"},{"taxonomy":"post_tag","embeddable":true,"href":"https:\/\/www.hashtag.al\/index.php\/wp-json\/wp\/v2\/tags?post=345684"}],"curies":[{"name":"wp","href":"https:\/\/api.w.org\/{rel}","templated":true}]}}