{"id":345488,"date":"2020-01-08T20:35:14","date_gmt":"2020-01-08T19:35:14","guid":{"rendered":"https:\/\/hashtag.al\/?p=345488"},"modified":"2020-01-08T20:35:14","modified_gmt":"2020-01-08T19:35:14","slug":"kryebashkiaku-i-mallakastres-i-pergjigjet-pd-se-me-liste-pagesa-ja-cfare-me-kujton-data-20-shkurt-2000","status":"publish","type":"post","link":"https:\/\/www.hashtag.al\/index.php\/2020\/01\/08\/kryebashkiaku-i-mallakastres-i-pergjigjet-pd-se-me-liste-pagesa-ja-cfare-me-kujton-data-20-shkurt-2000\/","title":{"rendered":"Kryebashkiaku i Mallakastr\u00ebs i p\u00ebrgjigjet PD-s\u00eb me list\u00eb-pagesa: Ja \u00e7far\u00eb m\u00eb kujton data 20 shkurt 2000","gt_translate_keys":[{"key":"rendered","format":"text"}]},"content":{"rendered":"<p><img loading=\"lazy\" decoding=\"async\" class=\"aligncenter size-full wp-image-345374\" src=\"https:\/\/hashtag.al\/wp-content\/uploads\/2020\/01\/Qerim-Ismailaj.jpg\" alt=\"\" width=\"1280\" height=\"643\" srcset=\"https:\/\/www.hashtag.al\/wp-content\/uploads\/2020\/01\/Qerim-Ismailaj.jpg 1280w, https:\/\/www.hashtag.al\/wp-content\/uploads\/2020\/01\/Qerim-Ismailaj-300x151.jpg 300w, https:\/\/www.hashtag.al\/wp-content\/uploads\/2020\/01\/Qerim-Ismailaj-768x386.jpg 768w, https:\/\/www.hashtag.al\/wp-content\/uploads\/2020\/01\/Qerim-Ismailaj-1024x514.jpg 1024w\" sizes=\"auto, (max-width: 1280px) 100vw, 1280px\" \/><\/p>\n<p><span style=\"color: #000000;\">Kryebashkiaku i Mallakastr\u00ebs, Qerim Ismaili i akuzuar nga Partia Demokratike dit\u00ebn e sotme se ka mashtruar n\u00eb formularin e dekriminalizimit duke fshehur d\u00ebnimin n\u00eb Greqi ka reaguar edhe nj\u00ebher\u00eb duke publikuar disa list\u00eb-pagesa si m\u00ebsues i shkoll\u00ebs 8-vje\u00e7are.<\/span><\/p>\n<p><span style=\"color: #000000;\">List\u00eb-pagesat kryetari i Bashkis\u00eb s\u00eb Mallakastr\u00ebs i ka publikuar pasi PD-ja pretendon se n\u00eb dat\u00ebn 25 shkurt 2000 ai ka qen\u00eb i d\u00ebnuar n\u00eb Greqi, nd\u00ebrsa ai k\u00ebrkon t\u00eb v\u00ebrtetoj\u00eb se ka qen\u00eb duke dh\u00ebn\u00eb m\u00ebsim.<\/span><\/p>\n<p><span style=\"color: #000000;\">Ismaili thot\u00eb se nuk ka g\u00ebnjyer n\u00eb formularin e dekriminalizimisht dhe po ashtu ka publikuar n\u00eb profilin e tij n\u00eb Facebook list pagesat nga dhjetori i 1999 deri n\u00eb mars t\u00eb vitit 2000 si m\u00ebsues n\u00eb Ballsh.<\/span><\/p>\n<p><img loading=\"lazy\" decoding=\"async\" class=\"aligncenter size-full wp-image-345489\" src=\"https:\/\/hashtag.al\/wp-content\/uploads\/2020\/01\/qerimi-2.jpg\" alt=\"\" width=\"960\" height=\"720\" srcset=\"https:\/\/www.hashtag.al\/wp-content\/uploads\/2020\/01\/qerimi-2.jpg 960w, https:\/\/www.hashtag.al\/wp-content\/uploads\/2020\/01\/qerimi-2-300x225.jpg 300w, https:\/\/www.hashtag.al\/wp-content\/uploads\/2020\/01\/qerimi-2-768x576.jpg 768w\" sizes=\"auto, (max-width: 960px) 100vw, 960px\" \/> <img loading=\"lazy\" decoding=\"async\" class=\"aligncenter size-full wp-image-345490\" src=\"https:\/\/hashtag.al\/wp-content\/uploads\/2020\/01\/qerimi-3.jpg\" alt=\"\" width=\"960\" height=\"720\" srcset=\"https:\/\/www.hashtag.al\/wp-content\/uploads\/2020\/01\/qerimi-3.jpg 960w, https:\/\/www.hashtag.al\/wp-content\/uploads\/2020\/01\/qerimi-3-300x225.jpg 300w, https:\/\/www.hashtag.al\/wp-content\/uploads\/2020\/01\/qerimi-3-768x576.jpg 768w\" sizes=\"auto, (max-width: 960px) 100vw, 960px\" \/> <img loading=\"lazy\" decoding=\"async\" class=\"aligncenter size-full wp-image-345491\" src=\"https:\/\/hashtag.al\/wp-content\/uploads\/2020\/01\/qerimi-5.jpg\" alt=\"\" width=\"960\" height=\"720\" srcset=\"https:\/\/www.hashtag.al\/wp-content\/uploads\/2020\/01\/qerimi-5.jpg 960w, https:\/\/www.hashtag.al\/wp-content\/uploads\/2020\/01\/qerimi-5-300x225.jpg 300w, https:\/\/www.hashtag.al\/wp-content\/uploads\/2020\/01\/qerimi-5-768x576.jpg 768w\" sizes=\"auto, (max-width: 960px) 100vw, 960px\" \/> <img loading=\"lazy\" decoding=\"async\" class=\"aligncenter size-full wp-image-345492\" src=\"https:\/\/hashtag.al\/wp-content\/uploads\/2020\/01\/qerimi1.jpg\" alt=\"\" width=\"960\" height=\"720\" srcset=\"https:\/\/www.hashtag.al\/wp-content\/uploads\/2020\/01\/qerimi1.jpg 960w, https:\/\/www.hashtag.al\/wp-content\/uploads\/2020\/01\/qerimi1-300x225.jpg 300w, https:\/\/www.hashtag.al\/wp-content\/uploads\/2020\/01\/qerimi1-768x576.jpg 768w\" sizes=\"auto, (max-width: 960px) 100vw, 960px\" \/> <img loading=\"lazy\" decoding=\"async\" class=\"aligncenter size-full wp-image-345493\" src=\"https:\/\/hashtag.al\/wp-content\/uploads\/2020\/01\/qerimi4.jpg\" alt=\"\" width=\"960\" height=\"720\" srcset=\"https:\/\/www.hashtag.al\/wp-content\/uploads\/2020\/01\/qerimi4.jpg 960w, https:\/\/www.hashtag.al\/wp-content\/uploads\/2020\/01\/qerimi4-300x225.jpg 300w, https:\/\/www.hashtag.al\/wp-content\/uploads\/2020\/01\/qerimi4-768x576.jpg 768w\" sizes=\"auto, (max-width: 960px) 100vw, 960px\" \/> <img loading=\"lazy\" decoding=\"async\" class=\"aligncenter size-full wp-image-345494\" src=\"https:\/\/hashtag.al\/wp-content\/uploads\/2020\/01\/qerimi6.jpg\" alt=\"\" width=\"960\" height=\"720\" srcset=\"https:\/\/www.hashtag.al\/wp-content\/uploads\/2020\/01\/qerimi6.jpg 960w, https:\/\/www.hashtag.al\/wp-content\/uploads\/2020\/01\/qerimi6-300x225.jpg 300w, https:\/\/www.hashtag.al\/wp-content\/uploads\/2020\/01\/qerimi6-768x576.jpg 768w\" sizes=\"auto, (max-width: 960px) 100vw, 960px\" \/> <img loading=\"lazy\" decoding=\"async\" class=\"aligncenter size-full wp-image-345495\" src=\"https:\/\/hashtag.al\/wp-content\/uploads\/2020\/01\/qerimi7.jpg\" alt=\"\" width=\"960\" height=\"720\" srcset=\"https:\/\/www.hashtag.al\/wp-content\/uploads\/2020\/01\/qerimi7.jpg 960w, https:\/\/www.hashtag.al\/wp-content\/uploads\/2020\/01\/qerimi7-300x225.jpg 300w, https:\/\/www.hashtag.al\/wp-content\/uploads\/2020\/01\/qerimi7-768x576.jpg 768w\" sizes=\"auto, (max-width: 960px) 100vw, 960px\" \/> <img loading=\"lazy\" decoding=\"async\" class=\"aligncenter size-full wp-image-345496\" src=\"https:\/\/hashtag.al\/wp-content\/uploads\/2020\/01\/qerimi8.jpg\" alt=\"\" width=\"960\" height=\"720\" srcset=\"https:\/\/www.hashtag.al\/wp-content\/uploads\/2020\/01\/qerimi8.jpg 960w, https:\/\/www.hashtag.al\/wp-content\/uploads\/2020\/01\/qerimi8-300x225.jpg 300w, https:\/\/www.hashtag.al\/wp-content\/uploads\/2020\/01\/qerimi8-768x576.jpg 768w\" sizes=\"auto, (max-width: 960px) 100vw, 960px\" \/><\/p>\n<p><strong>Postimi i plot\u00eb:<\/strong><\/p>\n<p><span style=\"color: #000000;\">P\u00ebrsh\u00ebndetje t\u00eb gjith\u00ebve! Do t\u00eb doja q\u00eb n\u00ebp\u00ebrmjet k\u00ebtij statusi t\u00eb ndaja me ju nj\u00eb prononcim lidhur me deklaratat e b\u00ebr\u00eb sot nga Partia Demokratike lidhur me emrin tim dhe t\u00eb kaluar\u00ebn time:<\/span><\/p>\n<ul>\n<li><span style=\"color: #000000;\">Dua t\u00eb theksoj se gjith\u00e7ka kam deklaruar n\u00eb formularin e dekriminalizimit \u00ebsht\u00eb e v\u00ebrtet\u00eb.<\/span><\/li>\n<li><span style=\"color: #000000;\">Po ritheksoj dhe nj\u00ebher\u00eb se p\u00ebr periudhat q\u00eb kam punuar si emigrant ekonomik ne Greqi nuk jam arrestuar apo ndaluar asnj\u00ebher\u00eb nga policia greke p\u00ebr \u00e7far\u00ebdo arsye ligjore.<\/span><\/li>\n<li><span style=\"color: #000000;\">Lidhur me pyetjen se \u00e7far\u00eb me kujton 25 shkurti 2000, ju b\u00ebj me dije se m\u00eb kujton nj\u00eb dit\u00eb normale pune si m\u00ebsues n\u00eb shkoll\u00ebn 8-vjecare \u201cI. Shehu\u201d, \u00c7orrush.<\/span><\/li>\n<\/ul>\n<p><span style=\"color: #000000;\">Bashkangjitur list\u00eb pagesat p\u00ebr k\u00ebt\u00eb periudhe. S\u00eb fundi p\u00ebr t\u00eb gjith\u00eb ata q\u00eb nuk m\u00eb njohin (pasi ata q\u00eb m\u00eb njohin e din\u00eb mir\u00eb), se nuk jam marr\u00eb asnj\u00ebher\u00eb me veprimtari t\u00eb jasht\u00ebligjshme si dhe jam totalisht i qet\u00eb n\u00eb ushtrimin e detyr\u00ebs q\u00eb m\u00eb kan\u00eb besuar qytetar\u00ebt mallakastriot\u00eb pasi nuk kam mbi vet\u00eb epitetet e hajdutit, trafikantit t\u00eb q\u00ebnieve njer\u00ebzore apo l\u00ebnd\u00ebve narkotike ashtu si mund t\u2019i ken\u00eb eksponent\u00eb t\u00eb caktuar t\u00eb PD-s\u00eb. Ju faleminderit dhe klm.<\/span><\/p>\n<p>&nbsp;<\/p>\n","protected":false,"gt_translate_keys":[{"key":"rendered","format":"html"}]},"excerpt":{"rendered":"<p>Kryebashkiaku i Mallakastr\u00ebs, Qerim Ismaili i akuzuar nga Partia Demokratike dit\u00ebn e sotme se ka mashtruar n\u00eb formularin e dekriminalizimit duke fshehur d\u00ebnimin n\u00eb Greqi ka reaguar edhe nj\u00ebher\u00eb duke publikuar disa list\u00eb-pagesa si m\u00ebsues i shkoll\u00ebs 8-vje\u00e7are. List\u00eb-pagesat kryetari i Bashkis\u00eb s\u00eb Mallakastr\u00ebs i ka publikuar pasi PD-ja pretendon se n\u00eb dat\u00ebn 25 shkurt [&hellip;]<\/p>\n","protected":false,"gt_translate_keys":[{"key":"rendered","format":"html"}]},"author":32,"featured_media":345374,"comment_status":"open","ping_status":"open","sticky":false,"template":"","format":"standard","meta":{"footnotes":""},"categories":[65,13],"tags":[],"class_list":["post-345488","post","type-post","status-publish","format-standard","has-post-thumbnail","hentry","category-lajme","category-te-fundit"],"gt_translate_keys":[{"key":"link","format":"url"}],"_links":{"self":[{"href":"https:\/\/www.hashtag.al\/index.php\/wp-json\/wp\/v2\/posts\/345488","targetHints":{"allow":["GET"]}}],"collection":[{"href":"https:\/\/www.hashtag.al\/index.php\/wp-json\/wp\/v2\/posts"}],"about":[{"href":"https:\/\/www.hashtag.al\/index.php\/wp-json\/wp\/v2\/types\/post"}],"author":[{"embeddable":true,"href":"https:\/\/www.hashtag.al\/index.php\/wp-json\/wp\/v2\/users\/32"}],"replies":[{"embeddable":true,"href":"https:\/\/www.hashtag.al\/index.php\/wp-json\/wp\/v2\/comments?post=345488"}],"version-history":[{"count":0,"href":"https:\/\/www.hashtag.al\/index.php\/wp-json\/wp\/v2\/posts\/345488\/revisions"}],"wp:featuredmedia":[{"embeddable":true,"href":"https:\/\/www.hashtag.al\/index.php\/wp-json\/wp\/v2\/media\/345374"}],"wp:attachment":[{"href":"https:\/\/www.hashtag.al\/index.php\/wp-json\/wp\/v2\/media?parent=345488"}],"wp:term":[{"taxonomy":"category","embeddable":true,"href":"https:\/\/www.hashtag.al\/index.php\/wp-json\/wp\/v2\/categories?post=345488"},{"taxonomy":"post_tag","embeddable":true,"href":"https:\/\/www.hashtag.al\/index.php\/wp-json\/wp\/v2\/tags?post=345488"}],"curies":[{"name":"wp","href":"https:\/\/api.w.org\/{rel}","templated":true}]}}