{"id":345412,"date":"2020-01-08T14:12:58","date_gmt":"2020-01-08T13:12:58","guid":{"rendered":"https:\/\/hashtag.al\/?p=345412"},"modified":"2020-01-08T14:12:58","modified_gmt":"2020-01-08T13:12:58","slug":"gjykata-kushtetuese-komisioni-i-venecias-vjen-ne-tirane-ne-fillim-te-shkurtit","status":"publish","type":"post","link":"https:\/\/www.hashtag.al\/index.php\/2020\/01\/08\/gjykata-kushtetuese-komisioni-i-venecias-vjen-ne-tirane-ne-fillim-te-shkurtit\/","title":{"rendered":"Gjykata Kushtetuese, Komisioni i Venecias vjen n\u00eb Tiran\u00eb n\u00eb fillim t\u00eb shkurtit","gt_translate_keys":[{"key":"rendered","format":"text"}]},"content":{"rendered":"<p><img loading=\"lazy\" decoding=\"async\" class=\"aligncenter size-full wp-image-327122\" src=\"https:\/\/hashtag.al\/wp-content\/uploads\/2019\/10\/Venecia-2.jpeg\" alt=\"\" width=\"1280\" height=\"960\" srcset=\"https:\/\/www.hashtag.al\/wp-content\/uploads\/2019\/10\/Venecia-2.jpeg 1280w, https:\/\/www.hashtag.al\/wp-content\/uploads\/2019\/10\/Venecia-2-300x225.jpeg 300w, https:\/\/www.hashtag.al\/wp-content\/uploads\/2019\/10\/Venecia-2-768x576.jpeg 768w, https:\/\/www.hashtag.al\/wp-content\/uploads\/2019\/10\/Venecia-2-1024x768.jpeg 1024w\" sizes=\"auto, (max-width: 1280px) 100vw, 1280px\" \/><\/p>\n<p><span style=\"color: #000000;\">Nj\u00eb delegacion i Komisionit t\u00eb Venecias pritet t\u00eb mb\u00ebrrij\u00eb n\u00eb Tiran\u00eb n\u00eb fillim t\u00eb muajit shkurt. <\/span><\/p>\n<p><span style=\"color: #000000;\">Ata vijn\u00eb pas k\u00ebrkes\u00ebs s\u00eb b\u00ebr\u00eb nga kreu i Kuvendit, Ru\u00e7i, lidhur me em\u00ebrimet n\u00eb Gjykat\u00ebn Kushtetuese. <\/span><\/p>\n<p><span style=\"color: #000000;\">Kjo e fundit \u00ebsht\u00eb b\u00ebr\u00eb aren\u00eb p\u00ebrplasjeje mes presidentit Meta e shumic\u00ebs. <\/span><\/p>\n<p><span style=\"color: #000000;\">Meta ka dor\u00ebzuar n\u00eb prokurori nj\u00eb padi ndaj kreut t\u00eb K\u00ebshillit t\u00eb Em\u00ebrimeve n\u00eb Drejt\u00ebsi, Dvorani, t\u00eb cilin e akuzon se po luan rol n\u00eb p\u00ebrpjekjet e shumic\u00ebs p\u00ebr kapjen e Gjykat\u00ebs Kushtetuese.<\/span><\/p>\n","protected":false,"gt_translate_keys":[{"key":"rendered","format":"html"}]},"excerpt":{"rendered":"<p>Nj\u00eb delegacion i Komisionit t\u00eb Venecias pritet t\u00eb mb\u00ebrrij\u00eb n\u00eb Tiran\u00eb n\u00eb fillim t\u00eb muajit shkurt. Ata vijn\u00eb pas k\u00ebrkes\u00ebs s\u00eb b\u00ebr\u00eb nga kreu i Kuvendit, Ru\u00e7i, lidhur me em\u00ebrimet n\u00eb Gjykat\u00ebn Kushtetuese. Kjo e fundit \u00ebsht\u00eb b\u00ebr\u00eb aren\u00eb p\u00ebrplasjeje mes presidentit Meta e shumic\u00ebs. Meta ka dor\u00ebzuar n\u00eb prokurori nj\u00eb padi ndaj kreut t\u00eb [&hellip;]<\/p>\n","protected":false,"gt_translate_keys":[{"key":"rendered","format":"html"}]},"author":51,"featured_media":327122,"comment_status":"open","ping_status":"open","sticky":false,"template":"","format":"standard","meta":{"footnotes":""},"categories":[65,13],"tags":[],"class_list":["post-345412","post","type-post","status-publish","format-standard","has-post-thumbnail","hentry","category-lajme","category-te-fundit"],"gt_translate_keys":[{"key":"link","format":"url"}],"_links":{"self":[{"href":"https:\/\/www.hashtag.al\/index.php\/wp-json\/wp\/v2\/posts\/345412","targetHints":{"allow":["GET"]}}],"collection":[{"href":"https:\/\/www.hashtag.al\/index.php\/wp-json\/wp\/v2\/posts"}],"about":[{"href":"https:\/\/www.hashtag.al\/index.php\/wp-json\/wp\/v2\/types\/post"}],"author":[{"embeddable":true,"href":"https:\/\/www.hashtag.al\/index.php\/wp-json\/wp\/v2\/users\/51"}],"replies":[{"embeddable":true,"href":"https:\/\/www.hashtag.al\/index.php\/wp-json\/wp\/v2\/comments?post=345412"}],"version-history":[{"count":0,"href":"https:\/\/www.hashtag.al\/index.php\/wp-json\/wp\/v2\/posts\/345412\/revisions"}],"wp:featuredmedia":[{"embeddable":true,"href":"https:\/\/www.hashtag.al\/index.php\/wp-json\/wp\/v2\/media\/327122"}],"wp:attachment":[{"href":"https:\/\/www.hashtag.al\/index.php\/wp-json\/wp\/v2\/media?parent=345412"}],"wp:term":[{"taxonomy":"category","embeddable":true,"href":"https:\/\/www.hashtag.al\/index.php\/wp-json\/wp\/v2\/categories?post=345412"},{"taxonomy":"post_tag","embeddable":true,"href":"https:\/\/www.hashtag.al\/index.php\/wp-json\/wp\/v2\/tags?post=345412"}],"curies":[{"name":"wp","href":"https:\/\/api.w.org\/{rel}","templated":true}]}}