{"id":345382,"date":"2020-01-08T12:31:30","date_gmt":"2020-01-08T11:31:30","guid":{"rendered":"https:\/\/hashtag.al\/?p=345382"},"modified":"2020-01-08T12:31:30","modified_gmt":"2020-01-08T11:31:30","slug":"emrin-e-kryeministrit-do-ia-nisim-presidentit-me-shkrese-zyrtare-levizja-vetevendosje","status":"publish","type":"post","link":"https:\/\/www.hashtag.al\/index.php\/2020\/01\/08\/emrin-e-kryeministrit-do-ia-nisim-presidentit-me-shkrese-zyrtare-levizja-vetevendosje\/","title":{"rendered":"&#8220;Emrin e kryeministrit do ia nisim presidentit me shkres\u00eb zyrtare&#8221; &#8211; L\u00ebvizja Vet\u00ebvendosje","gt_translate_keys":[{"key":"rendered","format":"text"}]},"content":{"rendered":"<p><img loading=\"lazy\" decoding=\"async\" class=\"aligncenter size-full wp-image-341056\" src=\"https:\/\/hashtag.al\/wp-content\/uploads\/2019\/12\/mustafakurti.jpg\" alt=\"\" width=\"900\" height=\"596\" srcset=\"https:\/\/www.hashtag.al\/wp-content\/uploads\/2019\/12\/mustafakurti.jpg 900w, https:\/\/www.hashtag.al\/wp-content\/uploads\/2019\/12\/mustafakurti-300x199.jpg 300w, https:\/\/www.hashtag.al\/wp-content\/uploads\/2019\/12\/mustafakurti-768x509.jpg 768w\" sizes=\"auto, (max-width: 900px) 100vw, 900px\" \/><\/p>\n<p><span style=\"color: #000000;\">L\u00ebvizja Vet\u00ebvendosje ka deklaruar se do ia \u00e7oj\u00eb me an\u00eb t\u00eb nj\u00eb shkrese zyrtare presidentit emrin e kryeministrit. <\/span><\/p>\n<p><span style=\"color: #000000;\">Pas mbledhjes s\u00eb sotme, l\u00ebvizja deklaroi se n\u00eb dit\u00ebt n\u00eb vijim do i \u00e7ohet shkresa kreut t\u00eb qeveris\u00eb.<\/span><\/p>\n<p><span style=\"color: #000000;\"><em>\u2018Sot u mbajt mbledhja e Kryesis\u00eb s\u00eb L\u00ebvizjes VET\u00cbVENDOSJE!. N\u00eb respektim t\u00eb plot\u00eb t\u00eb Kushtetut\u00ebs s\u00eb Republik\u00ebs s\u00eb Kosov\u00ebs, Nenit 84 pika 14 dhe Aktgjykimit t\u00eb Gjykat\u00ebs Kushtetuese KO 103\/14, subjekti yn\u00eb do t\u00eb b\u00ebj\u00eb propozimin p\u00ebr mandatarin p\u00ebr Kryeminist\u00ebr. K\u00ebt\u00eb propozim do t\u2019ia d\u00ebrgojm\u00eb me shkres\u00eb zyrtare Presidentit t\u00eb Republik\u00ebs n\u00eb dit\u00ebt n\u00eb vijim\u2019<\/em>, thuhet n\u00eb njoftim.<\/span><\/p>\n<p><span style=\"color: #000000;\">M\u00eb tej n\u00eb deklarat\u00eb thuhet se kan\u00eb nisur bisedimet me LDK-n\u00eb p\u00ebr marr\u00ebveshjen qeveris\u00ebse.<\/span><\/p>\n","protected":false,"gt_translate_keys":[{"key":"rendered","format":"html"}]},"excerpt":{"rendered":"<p>L\u00ebvizja Vet\u00ebvendosje ka deklaruar se do ia \u00e7oj\u00eb me an\u00eb t\u00eb nj\u00eb shkrese zyrtare presidentit emrin e kryeministrit. Pas mbledhjes s\u00eb sotme, l\u00ebvizja deklaroi se n\u00eb dit\u00ebt n\u00eb vijim do i \u00e7ohet shkresa kreut t\u00eb qeveris\u00eb. \u2018Sot u mbajt mbledhja e Kryesis\u00eb s\u00eb L\u00ebvizjes VET\u00cbVENDOSJE!. N\u00eb respektim t\u00eb plot\u00eb t\u00eb Kushtetut\u00ebs s\u00eb Republik\u00ebs s\u00eb Kosov\u00ebs, [&hellip;]<\/p>\n","protected":false,"gt_translate_keys":[{"key":"rendered","format":"html"}]},"author":51,"featured_media":341056,"comment_status":"open","ping_status":"open","sticky":false,"template":"","format":"standard","meta":{"footnotes":""},"categories":[149,6],"tags":[],"class_list":["post-345382","post","type-post","status-publish","format-standard","has-post-thumbnail","hentry","category-kosoverajon","category-nderkombetare"],"gt_translate_keys":[{"key":"link","format":"url"}],"_links":{"self":[{"href":"https:\/\/www.hashtag.al\/index.php\/wp-json\/wp\/v2\/posts\/345382","targetHints":{"allow":["GET"]}}],"collection":[{"href":"https:\/\/www.hashtag.al\/index.php\/wp-json\/wp\/v2\/posts"}],"about":[{"href":"https:\/\/www.hashtag.al\/index.php\/wp-json\/wp\/v2\/types\/post"}],"author":[{"embeddable":true,"href":"https:\/\/www.hashtag.al\/index.php\/wp-json\/wp\/v2\/users\/51"}],"replies":[{"embeddable":true,"href":"https:\/\/www.hashtag.al\/index.php\/wp-json\/wp\/v2\/comments?post=345382"}],"version-history":[{"count":0,"href":"https:\/\/www.hashtag.al\/index.php\/wp-json\/wp\/v2\/posts\/345382\/revisions"}],"wp:featuredmedia":[{"embeddable":true,"href":"https:\/\/www.hashtag.al\/index.php\/wp-json\/wp\/v2\/media\/341056"}],"wp:attachment":[{"href":"https:\/\/www.hashtag.al\/index.php\/wp-json\/wp\/v2\/media?parent=345382"}],"wp:term":[{"taxonomy":"category","embeddable":true,"href":"https:\/\/www.hashtag.al\/index.php\/wp-json\/wp\/v2\/categories?post=345382"},{"taxonomy":"post_tag","embeddable":true,"href":"https:\/\/www.hashtag.al\/index.php\/wp-json\/wp\/v2\/tags?post=345382"}],"curies":[{"name":"wp","href":"https:\/\/api.w.org\/{rel}","templated":true}]}}