{"id":345342,"date":"2020-01-08T10:53:41","date_gmt":"2020-01-08T09:53:41","guid":{"rendered":"https:\/\/hashtag.al\/?p=345342"},"modified":"2020-01-08T10:55:50","modified_gmt":"2020-01-08T09:55:50","slug":"zelensky-reagon-pas-rrezimit-te-avionit-ne-iran-mos-spekuloni-per-shkaqet","status":"publish","type":"post","link":"https:\/\/www.hashtag.al\/index.php\/2020\/01\/08\/zelensky-reagon-pas-rrezimit-te-avionit-ne-iran-mos-spekuloni-per-shkaqet\/","title":{"rendered":"Zelensky reagon pas rr\u00ebzimit t\u00eb avionit n\u00eb Iran: Mos spekuloni p\u00ebr shkaqet","gt_translate_keys":[{"key":"rendered","format":"text"}]},"content":{"rendered":"<p><a href=\"https:\/\/hashtag.al\/wp-content\/uploads\/2020\/01\/Zelensky.jpg\"><img loading=\"lazy\" decoding=\"async\" class=\"aligncenter size-full wp-image-345343\" src=\"https:\/\/hashtag.al\/wp-content\/uploads\/2020\/01\/Zelensky.jpg\" alt=\"\" width=\"800\" height=\"450\" \/><\/a><\/p>\n<p><span style=\"color: #000000;\">Presidenti ukrainas Volodymyr Zelensky i ka b\u00ebr\u00eb thirrje publikut t\u00eb mos marr\u00eb seriozisht spekulimet p\u00ebr at\u00eb q\u00eb mund t\u00eb ket\u00eb shkaktuar rr\u00ebzimin e avionit me 176 persona n\u00eb bord, n\u00eb Iran.<\/span><\/p>\n<p><span style=\"color: #000000;\"><em>&#8220;Un\u00eb kam kontrollin mbi t\u00eb gjitha ngjarjet. I lutem t\u00eb gjith\u00ebve q\u00eb t\u00eb p\u00ebrmbahen nga spekulimet dhe parashtrimet e paverifikuara t\u00eb fatkeq\u00ebsis\u00eb para raporteve zyrtare.<\/em>&#8220;- tha Zelensky.<\/span><\/p>\n<p><span style=\"color: #000000;\"><span style=\"color: #0000ff;\"><a style=\"color: #0000ff;\" href=\"https:\/\/www.rt.com\/news\/477698-zelensky-ukraine-iran-crash-speculation\/\">RT<\/a> <\/span>shkruan se ai tha gjithashtu q\u00eb Kievi ishte gati t\u00eb merrte trupat e viktimave.<\/span><\/p>\n<p><span style=\"color: #000000;\">M\u00ebngjesin e sot\u00ebm, nj\u00eb avion ukrainas q\u00eb mbante 167 pasagjer\u00eb dhe n\u00ebnt\u00eb an\u00ebtar\u00eb t\u00eb ekuipazhit, u rr\u00ebzua menj\u00ebher\u00eb pasi u ngrit nga aeroporti n\u00eb Teheran, duke vrar\u00eb t\u00eb gjith\u00eb n\u00eb bord.<\/span><\/p>\n<p><span style=\"color: #000000;\">Sipas raportoeve paraprake, shkak p\u00ebr rr\u00ebzimin e avionit u b\u00eb nj\u00eb defekt n\u00eb motor. Sidoqoft\u00eb, sipas mediave iraniane, piloti nuk l\u00ebshoi asnj\u00eb thirrje shqet\u00ebsimi, \u00e7ka ka nxitur spekulimet.<\/span><\/p>\n<p><span style=\"color: #000000;\">Duke qen\u00eb se incidenti ndodhi fill pas sulmeve me raketa balistike t\u00eb nisura nga Teherani n\u00eb dy baza ajrore amerikane n\u00eb Irak, pati spekulime se nj\u00eb nga raketat kishte prekur avionin.<\/span><\/p>\n<p><span style=\"color: #000000;\">Zelensky tha q\u00eb qeveria e tij kishte aeroplan\u00eb t\u00eb ve\u00e7ant\u00eb p\u00ebr transportimin e viktimave p\u00ebrs\u00ebri n\u00eb Ukrain\u00eb, por po pret miratimin nga Teherani. Zelensky shprehu ngush\u00ebllimet e tij p\u00ebr familjar\u00ebt e viktimave dhe nd\u00ebrpreu udh\u00ebtimin e tij n\u00eb Oman pasi m\u00ebsoi lajmin.<\/span><\/p>\n","protected":false,"gt_translate_keys":[{"key":"rendered","format":"html"}]},"excerpt":{"rendered":"<p>Presidenti ukrainas Volodymyr Zelensky i ka b\u00ebr\u00eb thirrje publikut t\u00eb mos marr\u00eb seriozisht spekulimet p\u00ebr at\u00eb q\u00eb mund t\u00eb ket\u00eb shkaktuar rr\u00ebzimin e avionit me 176 persona n\u00eb bord, n\u00eb Iran. &#8220;Un\u00eb kam kontrollin mbi t\u00eb gjitha ngjarjet. I lutem t\u00eb gjith\u00ebve q\u00eb t\u00eb p\u00ebrmbahen nga spekulimet dhe parashtrimet e paverifikuara t\u00eb fatkeq\u00ebsis\u00eb para raporteve [&hellip;]<\/p>\n","protected":false,"gt_translate_keys":[{"key":"rendered","format":"html"}]},"author":30,"featured_media":345343,"comment_status":"open","ping_status":"open","sticky":false,"template":"","format":"standard","meta":{"footnotes":""},"categories":[6],"tags":[],"class_list":["post-345342","post","type-post","status-publish","format-standard","has-post-thumbnail","hentry","category-nderkombetare"],"gt_translate_keys":[{"key":"link","format":"url"}],"_links":{"self":[{"href":"https:\/\/www.hashtag.al\/index.php\/wp-json\/wp\/v2\/posts\/345342","targetHints":{"allow":["GET"]}}],"collection":[{"href":"https:\/\/www.hashtag.al\/index.php\/wp-json\/wp\/v2\/posts"}],"about":[{"href":"https:\/\/www.hashtag.al\/index.php\/wp-json\/wp\/v2\/types\/post"}],"author":[{"embeddable":true,"href":"https:\/\/www.hashtag.al\/index.php\/wp-json\/wp\/v2\/users\/30"}],"replies":[{"embeddable":true,"href":"https:\/\/www.hashtag.al\/index.php\/wp-json\/wp\/v2\/comments?post=345342"}],"version-history":[{"count":0,"href":"https:\/\/www.hashtag.al\/index.php\/wp-json\/wp\/v2\/posts\/345342\/revisions"}],"wp:featuredmedia":[{"embeddable":true,"href":"https:\/\/www.hashtag.al\/index.php\/wp-json\/wp\/v2\/media\/345343"}],"wp:attachment":[{"href":"https:\/\/www.hashtag.al\/index.php\/wp-json\/wp\/v2\/media?parent=345342"}],"wp:term":[{"taxonomy":"category","embeddable":true,"href":"https:\/\/www.hashtag.al\/index.php\/wp-json\/wp\/v2\/categories?post=345342"},{"taxonomy":"post_tag","embeddable":true,"href":"https:\/\/www.hashtag.al\/index.php\/wp-json\/wp\/v2\/tags?post=345342"}],"curies":[{"name":"wp","href":"https:\/\/api.w.org\/{rel}","templated":true}]}}