{"id":345024,"date":"2020-01-06T21:27:12","date_gmt":"2020-01-06T20:27:12","guid":{"rendered":"https:\/\/hashtag.al\/?p=345024"},"modified":"2020-01-06T21:20:07","modified_gmt":"2020-01-06T20:20:07","slug":"perplaset-nga-makina-humb-jeten-65-vjecari-ne-berat","status":"publish","type":"post","link":"https:\/\/www.hashtag.al\/index.php\/2020\/01\/06\/perplaset-nga-makina-humb-jeten-65-vjecari-ne-berat\/","title":{"rendered":"P\u00ebrplaset nga makina, humb jet\u00ebn 65-vje\u00e7ari n\u00eb Berat","gt_translate_keys":[{"key":"rendered","format":"text"}]},"content":{"rendered":"<p><img loading=\"lazy\" decoding=\"async\" class=\"aligncenter size-full wp-image-344700\" src=\"https:\/\/hashtag.al\/wp-content\/uploads\/2019\/12\/aksidentbulevard.jpg2_-e1577832770415.jpg\" alt=\"\" width=\"1570\" height=\"922\" srcset=\"https:\/\/www.hashtag.al\/wp-content\/uploads\/2019\/12\/aksidentbulevard.jpg2_-e1577832770415.jpg 1570w, https:\/\/www.hashtag.al\/wp-content\/uploads\/2019\/12\/aksidentbulevard.jpg2_-e1577832770415-300x176.jpg 300w, https:\/\/www.hashtag.al\/wp-content\/uploads\/2019\/12\/aksidentbulevard.jpg2_-e1577832770415-768x451.jpg 768w, https:\/\/www.hashtag.al\/wp-content\/uploads\/2019\/12\/aksidentbulevard.jpg2_-e1577832770415-1024x601.jpg 1024w\" sizes=\"auto, (max-width: 1570px) 100vw, 1570px\" \/><\/p>\n<p><span style=\"color: #000000;\">Nj\u00eb 65-vje\u00e7ar ka humbur jet\u00ebn pasi \u00ebsht\u00eb aksidentuar p\u00ebr vdekje nga nj\u00eb mjet n\u00eb rrug\u00ebn Berat-Ur\u00eb Vajgurore, pran\u00eb fshatit Otllak. <\/span><\/p>\n<p><span style=\"color: #000000;\">Viktima \u00ebsht\u00eb identifikuar si Gramoz Zani, i cili \u00ebsht\u00eb p\u00ebrplasur nga nj\u00eb mjet tip \u2018Mercedes-Benz\u2019,me targa AA973YJ. <\/span><\/p>\n<p><span style=\"color: #000000;\">Zani \u00ebsht\u00eb d\u00ebrguar me urgjenc\u00eb n\u00eb spitalin e Beratit, por nuk ka mundur t\u2019u mbijetoj\u00eb plag\u00ebve. <\/span><\/p>\n<p><span style=\"color: #000000;\">Policia ka shoq\u00ebruar drejtuesin e mjetit, me iniciale A.H.. p\u00ebr t\u2019u pyetur mbi rrethanat e aksidentit.<\/span><\/p>\n","protected":false,"gt_translate_keys":[{"key":"rendered","format":"html"}]},"excerpt":{"rendered":"<p>Nj\u00eb 65-vje\u00e7ar ka humbur jet\u00ebn pasi \u00ebsht\u00eb aksidentuar p\u00ebr vdekje nga nj\u00eb mjet n\u00eb rrug\u00ebn Berat-Ur\u00eb Vajgurore, pran\u00eb fshatit Otllak. Viktima \u00ebsht\u00eb identifikuar si Gramoz Zani, i cili \u00ebsht\u00eb p\u00ebrplasur nga nj\u00eb mjet tip \u2018Mercedes-Benz\u2019,me targa AA973YJ. Zani \u00ebsht\u00eb d\u00ebrguar me urgjenc\u00eb n\u00eb spitalin e Beratit, por nuk ka mundur t\u2019u mbijetoj\u00eb plag\u00ebve. Policia ka [&hellip;]<\/p>\n","protected":false,"gt_translate_keys":[{"key":"rendered","format":"html"}]},"author":51,"featured_media":344700,"comment_status":"open","ping_status":"open","sticky":false,"template":"","format":"standard","meta":{"footnotes":""},"categories":[1],"tags":[],"class_list":["post-345024","post","type-post","status-publish","format-standard","has-post-thumbnail","hentry","category-uncategorized"],"gt_translate_keys":[{"key":"link","format":"url"}],"_links":{"self":[{"href":"https:\/\/www.hashtag.al\/index.php\/wp-json\/wp\/v2\/posts\/345024","targetHints":{"allow":["GET"]}}],"collection":[{"href":"https:\/\/www.hashtag.al\/index.php\/wp-json\/wp\/v2\/posts"}],"about":[{"href":"https:\/\/www.hashtag.al\/index.php\/wp-json\/wp\/v2\/types\/post"}],"author":[{"embeddable":true,"href":"https:\/\/www.hashtag.al\/index.php\/wp-json\/wp\/v2\/users\/51"}],"replies":[{"embeddable":true,"href":"https:\/\/www.hashtag.al\/index.php\/wp-json\/wp\/v2\/comments?post=345024"}],"version-history":[{"count":0,"href":"https:\/\/www.hashtag.al\/index.php\/wp-json\/wp\/v2\/posts\/345024\/revisions"}],"wp:featuredmedia":[{"embeddable":true,"href":"https:\/\/www.hashtag.al\/index.php\/wp-json\/wp\/v2\/media\/344700"}],"wp:attachment":[{"href":"https:\/\/www.hashtag.al\/index.php\/wp-json\/wp\/v2\/media?parent=345024"}],"wp:term":[{"taxonomy":"category","embeddable":true,"href":"https:\/\/www.hashtag.al\/index.php\/wp-json\/wp\/v2\/categories?post=345024"},{"taxonomy":"post_tag","embeddable":true,"href":"https:\/\/www.hashtag.al\/index.php\/wp-json\/wp\/v2\/tags?post=345024"}],"curies":[{"name":"wp","href":"https:\/\/api.w.org\/{rel}","templated":true}]}}