{"id":344639,"date":"2019-12-31T15:30:40","date_gmt":"2019-12-31T14:30:40","guid":{"rendered":"https:\/\/hashtag.al\/?p=344639"},"modified":"2019-12-31T15:24:19","modified_gmt":"2019-12-31T14:24:19","slug":"dyshohet-se-i-dogji-makinen-ndalohet-34-vjecari-ne-devoll","status":"publish","type":"post","link":"https:\/\/www.hashtag.al\/index.php\/2019\/12\/31\/dyshohet-se-i-dogji-makinen-ndalohet-34-vjecari-ne-devoll\/","title":{"rendered":"Dyshohet se i dogji makin\u00ebn, ndalohet 34-vje\u00e7ari n\u00eb Devoll","gt_translate_keys":[{"key":"rendered","format":"text"}]},"content":{"rendered":"<p><img loading=\"lazy\" decoding=\"async\" class=\"aligncenter size-full wp-image-311571\" src=\"https:\/\/hashtag.al\/wp-content\/uploads\/2019\/07\/policiailustruese.png\" alt=\"\" width=\"711\" height=\"370\" srcset=\"https:\/\/www.hashtag.al\/wp-content\/uploads\/2019\/07\/policiailustruese.png 711w, https:\/\/www.hashtag.al\/wp-content\/uploads\/2019\/07\/policiailustruese-300x156.png 300w\" sizes=\"auto, (max-width: 711px) 100vw, 711px\" \/><\/p>\n<p><span style=\"color: #000000;\">Nj\u00eb makin\u00eb \u00ebsht\u00eb p\u00ebrfshir\u00eb nga flak\u00ebt m\u00ebngjesin e dit\u00ebs s\u00eb sotme n\u00eb fshatin Bick\u00eb, t\u00eb Devollit.<\/span><\/p>\n<p><span style=\"color: #000000;\">Policia ka zbardhur ngjarjen dhe ka v\u00ebn\u00eb n\u00eb pranga shtetasin L.K., 34 vje\u00e7, banues n\u00eb fshatin Bick\u00eb, i cili dyshohet se p\u00ebr motive t\u00eb dob\u00ebta, ka djegur mjetin e shtetasit Gj.Sh.<\/span><\/p>\n<p><span style=\"color: #000000;\">Ai akuzohet p\u00ebr vepr\u00ebn penale \u201cShkat\u00ebrrimi i pron\u00ebs me zjarr\u201d dhe materialet i kaluan Prokuroris\u00eb t\u00eb Rrethit Gjyq\u00ebsor Kor\u00e7\u00eb p\u00ebr veprime t\u00eb m\u00ebtejshme.<\/span><\/p>\n<p><span style=\"color: #000000;\"><strong>Njoftimi i policis\u00eb:<\/strong><\/span><\/p>\n<p><span style=\"color: #000000;\">Zbardhet ngjarja e ndodhur m\u00ebngjesin e sot\u00ebm, ku n\u00eb fshatin Bick\u00eb, u p\u00ebrfshi nga flak\u00ebt dhe p\u00ebr pasoj\u00eb u dogj nj\u00eb automjet.<\/span><\/p>\n<p><span style=\"color: #000000;\">Arrestohet n\u00eb flagranc\u00eb autori i dyshuar i ngjarjes.<\/span><\/p>\n<p><span style=\"color: #000000;\">N\u00eb or\u00ebt e para t\u00eb m\u00ebngjesit t\u00eb sot\u00ebm, jemi njoftuar se n\u00eb fshatin Bick\u00eb, ka r\u00ebn\u00eb zjarr dhe p\u00ebr pasoj\u00eb \u00ebsht\u00eb djegur mjeti furgon tip \u201cBenz\u201d n\u00eb pron\u00ebsi t\u00eb shtetasit Gj.Sh, 38 vje\u00e7, i cili ndodhej i parkuar p\u00ebrpara banes\u00ebs s\u00eb tij.<\/span><\/p>\n<p><span style=\"color: #000000;\">Menj\u00ebher\u00eb policia filloi hetimet n\u00eb lidhje me rastin, ku nga veprimet e kryera dhe provat e grumbulluara u b\u00eb zbulimi, identifikimi dhe kapja e autorit t\u00eb dyshuar t\u00eb ngjarjes, shtetasit L.K., 34 vje\u00e7, banues n\u00eb fshatin Bick\u00eb, i cili dyshohet se p\u00ebr motive t\u00eb dob\u00ebta, ka djegur mjetin e shtetasit Gj.Sh.<\/span><\/p>\n<p><span style=\"color: #000000;\">Shtetasi L.K., u arrestua n\u00eb flagranc\u00eb p\u00ebr vepr\u00ebn penale \u201cShkat\u00ebrrimi i pron\u00ebs me zjarr\u201d dhe materialet i kaluan Prokuroris\u00eb t\u00eb Rrethit Gjyq\u00ebsor Kor\u00e7\u00eb p\u00ebr veprime t\u00eb m\u00ebtejshme.<\/span><\/p>\n<p>&nbsp;<\/p>\n","protected":false,"gt_translate_keys":[{"key":"rendered","format":"html"}]},"excerpt":{"rendered":"<p>Nj\u00eb makin\u00eb \u00ebsht\u00eb p\u00ebrfshir\u00eb nga flak\u00ebt m\u00ebngjesin e dit\u00ebs s\u00eb sotme n\u00eb fshatin Bick\u00eb, t\u00eb Devollit. Policia ka zbardhur ngjarjen dhe ka v\u00ebn\u00eb n\u00eb pranga shtetasin L.K., 34 vje\u00e7, banues n\u00eb fshatin Bick\u00eb, i cili dyshohet se p\u00ebr motive t\u00eb dob\u00ebta, ka djegur mjetin e shtetasit Gj.Sh. Ai akuzohet p\u00ebr vepr\u00ebn penale \u201cShkat\u00ebrrimi i pron\u00ebs [&hellip;]<\/p>\n","protected":false,"gt_translate_keys":[{"key":"rendered","format":"html"}]},"author":32,"featured_media":0,"comment_status":"open","ping_status":"open","sticky":false,"template":"","format":"standard","meta":{"footnotes":""},"categories":[65,13],"tags":[],"class_list":["post-344639","post","type-post","status-publish","format-standard","hentry","category-lajme","category-te-fundit"],"gt_translate_keys":[{"key":"link","format":"url"}],"_links":{"self":[{"href":"https:\/\/www.hashtag.al\/index.php\/wp-json\/wp\/v2\/posts\/344639","targetHints":{"allow":["GET"]}}],"collection":[{"href":"https:\/\/www.hashtag.al\/index.php\/wp-json\/wp\/v2\/posts"}],"about":[{"href":"https:\/\/www.hashtag.al\/index.php\/wp-json\/wp\/v2\/types\/post"}],"author":[{"embeddable":true,"href":"https:\/\/www.hashtag.al\/index.php\/wp-json\/wp\/v2\/users\/32"}],"replies":[{"embeddable":true,"href":"https:\/\/www.hashtag.al\/index.php\/wp-json\/wp\/v2\/comments?post=344639"}],"version-history":[{"count":0,"href":"https:\/\/www.hashtag.al\/index.php\/wp-json\/wp\/v2\/posts\/344639\/revisions"}],"wp:attachment":[{"href":"https:\/\/www.hashtag.al\/index.php\/wp-json\/wp\/v2\/media?parent=344639"}],"wp:term":[{"taxonomy":"category","embeddable":true,"href":"https:\/\/www.hashtag.al\/index.php\/wp-json\/wp\/v2\/categories?post=344639"},{"taxonomy":"post_tag","embeddable":true,"href":"https:\/\/www.hashtag.al\/index.php\/wp-json\/wp\/v2\/tags?post=344639"}],"curies":[{"name":"wp","href":"https:\/\/api.w.org\/{rel}","templated":true}]}}