{"id":344634,"date":"2019-12-31T14:59:58","date_gmt":"2019-12-31T13:59:58","guid":{"rendered":"https:\/\/hashtag.al\/?p=344634"},"modified":"2019-12-31T14:59:58","modified_gmt":"2019-12-31T13:59:58","slug":"zjarret-masive-ne-australi-angazhohet-ushtria-me-helikoptere-dhe-anije","status":"publish","type":"post","link":"https:\/\/www.hashtag.al\/index.php\/2019\/12\/31\/zjarret-masive-ne-australi-angazhohet-ushtria-me-helikoptere-dhe-anije\/","title":{"rendered":"Zjarret masive n\u00eb Australi, angazhohet ushtria me helikopter\u00eb dhe anije","gt_translate_keys":[{"key":"rendered","format":"text"}]},"content":{"rendered":"<p><img loading=\"lazy\" decoding=\"async\" class=\"aligncenter size-full wp-image-344635\" src=\"https:\/\/hashtag.al\/wp-content\/uploads\/2019\/12\/Australia-10-600x351.jpg\" alt=\"\" width=\"600\" height=\"351\" srcset=\"https:\/\/www.hashtag.al\/wp-content\/uploads\/2019\/12\/Australia-10-600x351.jpg 600w, https:\/\/www.hashtag.al\/wp-content\/uploads\/2019\/12\/Australia-10-600x351-300x176.jpg 300w\" sizes=\"auto, (max-width: 600px) 100vw, 600px\" \/><\/p>\n<p><span style=\"color: #000000;\">Autoritetet australiane kan\u00eb angazhuar ushtar\u00eb me helikopter\u00eb dhe anije p\u00ebr t\u00eb ofruar ndihm\u00eb n\u00eb zonat e p\u00ebrfshira nga zjarret n\u00eb natyr\u00eb. Rajonet m\u00eb t\u00eb goditura jan\u00eb New South Wales dhe Victoria.<\/span><\/p>\n<p><span style=\"color: #000000;\">Mij\u00ebra persona jan\u00eb vendosur n\u00eb zona bregdetare p\u00ebr shkak t\u00eb rrezikut nga zjarret. N\u00eb Mallacata t\u00eb Victoria-s, rreth 4 mij\u00eb persona k\u00ebrkuan strehim n\u00eb bregdet.<\/span><\/p>\n<p><span style=\"color: #000000;\">Deri m\u00eb tash, nga zjarret kan\u00eb vdekur 12 persona, nd\u00ebrsa pes\u00eb t\u00eb tjer\u00eb mbeten t\u00eb zhdukur.<\/span><\/p>\n<p><span style=\"color: #000000;\">\u201cKemi qindra dhe mij\u00ebra njer\u00ebz n\u00eb bregdet, t\u00eb cil\u00ebt po mundohen t\u00eb strehohen n\u00eb tendat e vendosura n\u00eb plazhe\u201d, tha Shane Fitzsimmons, komisioner i Sh\u00ebrbimit t\u00eb Zjarrfik\u00ebsve n\u00eb New South Wales.<\/span><\/p>\n<p><span style=\"color: #000000;\">Kryeministri australian, Scott Morrison, dhe ministrja e mbrojtjes, Linda Reynolds, jan\u00eb marr\u00eb vesh q\u00eb t\u00eb d\u00ebrgojn\u00eb helikopter\u00eb dhe anije ushtarake n\u00eb zonat e p\u00ebrfshira nga zjarri pas k\u00ebrkes\u00ebs s\u00eb qeveris\u00eb rajonale t\u00eb Victoria-s.<\/span><\/p>\n<p><span style=\"color: #000000;\">Pritet q\u00eb ushtria t\u00eb ofroj\u00eb ndihma humanitare p\u00ebr njer\u00ebzit e prekur nga zjarret dhe t\u2019ua mund\u00ebsoj\u00eb zhvendosjen, n\u00ebse nj\u00eb gj\u00eb e till\u00eb b\u00ebhet e domosdoshme gjat\u00eb dit\u00ebve t\u00eb ardhshme.<\/span><\/p>\n<p><span style=\"color: #000000;\">P\u00ebr t\u2019i shuar zjarret, Australia ka k\u00ebrkuar ndihm\u00eb edhe nga Shtetet e Bashkuara dhe Kanadaja, shkruan \u201cBBC\u201d.<\/span><\/p>\n<p><img loading=\"lazy\" decoding=\"async\" class=\"aligncenter size-full wp-image-344517\" src=\"https:\/\/hashtag.al\/wp-content\/uploads\/2019\/12\/Australi-2.jpg\" alt=\"\" width=\"624\" height=\"351\" srcset=\"https:\/\/www.hashtag.al\/wp-content\/uploads\/2019\/12\/Australi-2.jpg 624w, https:\/\/www.hashtag.al\/wp-content\/uploads\/2019\/12\/Australi-2-300x169.jpg 300w\" sizes=\"auto, (max-width: 624px) 100vw, 624px\" \/><\/p>\n","protected":false,"gt_translate_keys":[{"key":"rendered","format":"html"}]},"excerpt":{"rendered":"<p>Autoritetet australiane kan\u00eb angazhuar ushtar\u00eb me helikopter\u00eb dhe anije p\u00ebr t\u00eb ofruar ndihm\u00eb n\u00eb zonat e p\u00ebrfshira nga zjarret n\u00eb natyr\u00eb. Rajonet m\u00eb t\u00eb goditura jan\u00eb New South Wales dhe Victoria. Mij\u00ebra persona jan\u00eb vendosur n\u00eb zona bregdetare p\u00ebr shkak t\u00eb rrezikut nga zjarret. N\u00eb Mallacata t\u00eb Victoria-s, rreth 4 mij\u00eb persona k\u00ebrkuan strehim n\u00eb [&hellip;]<\/p>\n","protected":false,"gt_translate_keys":[{"key":"rendered","format":"html"}]},"author":32,"featured_media":344635,"comment_status":"open","ping_status":"open","sticky":false,"template":"","format":"standard","meta":{"footnotes":""},"categories":[6,13],"tags":[],"class_list":["post-344634","post","type-post","status-publish","format-standard","has-post-thumbnail","hentry","category-nderkombetare","category-te-fundit"],"gt_translate_keys":[{"key":"link","format":"url"}],"_links":{"self":[{"href":"https:\/\/www.hashtag.al\/index.php\/wp-json\/wp\/v2\/posts\/344634","targetHints":{"allow":["GET"]}}],"collection":[{"href":"https:\/\/www.hashtag.al\/index.php\/wp-json\/wp\/v2\/posts"}],"about":[{"href":"https:\/\/www.hashtag.al\/index.php\/wp-json\/wp\/v2\/types\/post"}],"author":[{"embeddable":true,"href":"https:\/\/www.hashtag.al\/index.php\/wp-json\/wp\/v2\/users\/32"}],"replies":[{"embeddable":true,"href":"https:\/\/www.hashtag.al\/index.php\/wp-json\/wp\/v2\/comments?post=344634"}],"version-history":[{"count":0,"href":"https:\/\/www.hashtag.al\/index.php\/wp-json\/wp\/v2\/posts\/344634\/revisions"}],"wp:featuredmedia":[{"embeddable":true,"href":"https:\/\/www.hashtag.al\/index.php\/wp-json\/wp\/v2\/media\/344635"}],"wp:attachment":[{"href":"https:\/\/www.hashtag.al\/index.php\/wp-json\/wp\/v2\/media?parent=344634"}],"wp:term":[{"taxonomy":"category","embeddable":true,"href":"https:\/\/www.hashtag.al\/index.php\/wp-json\/wp\/v2\/categories?post=344634"},{"taxonomy":"post_tag","embeddable":true,"href":"https:\/\/www.hashtag.al\/index.php\/wp-json\/wp\/v2\/tags?post=344634"}],"curies":[{"name":"wp","href":"https:\/\/api.w.org\/{rel}","templated":true}]}}