{"id":344325,"date":"2019-12-30T09:07:19","date_gmt":"2019-12-30T08:07:19","guid":{"rendered":"https:\/\/hashtag.al\/?p=344325"},"modified":"2019-12-30T09:23:44","modified_gmt":"2019-12-30T08:23:44","slug":"bajerni-i-mynihut-mesazh-ne-shqip-per-tifozet-shqiptare","status":"publish","type":"post","link":"https:\/\/www.hashtag.al\/index.php\/2019\/12\/30\/bajerni-i-mynihut-mesazh-ne-shqip-per-tifozet-shqiptare\/","title":{"rendered":"Bajerni i Mynihut mesazh n\u00eb shqip p\u00ebr tifoz\u00ebt shqiptar\u00eb","gt_translate_keys":[{"key":"rendered","format":"text"}]},"content":{"rendered":"<p><a href=\"https:\/\/hashtag.al\/wp-content\/uploads\/2019\/12\/Bayern_Munchen_Meister_2015-1.jpg\"><img loading=\"lazy\" decoding=\"async\" class=\"aligncenter size-full wp-image-344328\" src=\"https:\/\/hashtag.al\/wp-content\/uploads\/2019\/12\/Bayern_Munchen_Meister_2015-1.jpg\" alt=\"\" width=\"649\" height=\"365\" srcset=\"https:\/\/www.hashtag.al\/wp-content\/uploads\/2019\/12\/Bayern_Munchen_Meister_2015-1.jpg 649w, https:\/\/www.hashtag.al\/wp-content\/uploads\/2019\/12\/Bayern_Munchen_Meister_2015-1-300x169.jpg 300w\" sizes=\"auto, (max-width: 649px) 100vw, 649px\" \/><\/a><\/p>\n<p><span style=\"color: #000000;\">Bajerni i Mynihut ka publikuar disa mesazhe falenderimi me afrimin e nd\u00ebrrimit t\u00eb viteve dhe nuk mungon as nj\u00eb urim p\u00ebr tifoz\u00ebt shqiptar\u00eb.<\/span><\/p>\n<p><span style=\"color: #000000;\">N\u00eb llogarin\u00eb zyrtare n\u00eb &#8216;Facebook&#8217;, klubi bavarez shkruan nj\u00eb mesazh n\u00eb gjuh\u00ebn shqipe t\u00eb cilin e shoq\u00ebron edhe me simbolin e shqiponj\u00ebs:<em> \u201cFaleminderit p\u00ebr mb\u00ebshtetjen tuaj n\u00eb vitin 2019.\u201d <\/em>Po ashtu ka edhe nj\u00eb falenderim edhe p\u00ebr tifoz\u00ebt n\u00eb Kosov\u00eb.<\/span><\/p>\n<p><span style=\"color: #000000;\">N\u00eb foton q\u00eb shoq\u00ebron shkrimin shfaqet Levandovski n\u00eb sfondin e flamurit shqiptar. Bajern i Mynihut \u00ebsht\u00eb skuadra m\u00eb e madhe n\u00eb Gjermane dhe ka fituar mjaft trofe dhe preferohet nga nj\u00eb pjes\u00eb e mir\u00eb e tifoz\u00ebve shqiptar\u00eb.<\/span><\/p>\n<p><a href=\"https:\/\/hashtag.al\/wp-content\/uploads\/2019\/12\/80858273_3428227390581644_9037097247937921024_o.jpg\"><img loading=\"lazy\" decoding=\"async\" class=\"aligncenter size-full wp-image-344326\" src=\"https:\/\/hashtag.al\/wp-content\/uploads\/2019\/12\/80858273_3428227390581644_9037097247937921024_o.jpg\" alt=\"\" width=\"960\" height=\"960\" srcset=\"https:\/\/www.hashtag.al\/wp-content\/uploads\/2019\/12\/80858273_3428227390581644_9037097247937921024_o.jpg 960w, https:\/\/www.hashtag.al\/wp-content\/uploads\/2019\/12\/80858273_3428227390581644_9037097247937921024_o-150x150.jpg 150w, https:\/\/www.hashtag.al\/wp-content\/uploads\/2019\/12\/80858273_3428227390581644_9037097247937921024_o-300x300.jpg 300w, https:\/\/www.hashtag.al\/wp-content\/uploads\/2019\/12\/80858273_3428227390581644_9037097247937921024_o-768x768.jpg 768w, https:\/\/www.hashtag.al\/wp-content\/uploads\/2019\/12\/80858273_3428227390581644_9037097247937921024_o-120x120.jpg 120w\" sizes=\"auto, (max-width: 960px) 100vw, 960px\" \/><\/a> <a href=\"https:\/\/hashtag.al\/wp-content\/uploads\/2019\/12\/81193686_3428365840567799_1563042382604140544_o.jpg\"><img loading=\"lazy\" decoding=\"async\" class=\"aligncenter size-full wp-image-344327\" src=\"https:\/\/hashtag.al\/wp-content\/uploads\/2019\/12\/81193686_3428365840567799_1563042382604140544_o.jpg\" alt=\"\" width=\"960\" height=\"960\" srcset=\"https:\/\/www.hashtag.al\/wp-content\/uploads\/2019\/12\/81193686_3428365840567799_1563042382604140544_o.jpg 960w, https:\/\/www.hashtag.al\/wp-content\/uploads\/2019\/12\/81193686_3428365840567799_1563042382604140544_o-150x150.jpg 150w, https:\/\/www.hashtag.al\/wp-content\/uploads\/2019\/12\/81193686_3428365840567799_1563042382604140544_o-300x300.jpg 300w, https:\/\/www.hashtag.al\/wp-content\/uploads\/2019\/12\/81193686_3428365840567799_1563042382604140544_o-768x768.jpg 768w, https:\/\/www.hashtag.al\/wp-content\/uploads\/2019\/12\/81193686_3428365840567799_1563042382604140544_o-120x120.jpg 120w\" sizes=\"auto, (max-width: 960px) 100vw, 960px\" \/><\/a><\/p>\n","protected":false,"gt_translate_keys":[{"key":"rendered","format":"html"}]},"excerpt":{"rendered":"<p>Bajerni i Mynihut ka publikuar disa mesazhe falenderimi me afrimin e nd\u00ebrrimit t\u00eb viteve dhe nuk mungon as nj\u00eb urim p\u00ebr tifoz\u00ebt shqiptar\u00eb. N\u00eb llogarin\u00eb zyrtare n\u00eb &#8216;Facebook&#8217;, klubi bavarez shkruan nj\u00eb mesazh n\u00eb gjuh\u00ebn shqipe t\u00eb cilin e shoq\u00ebron edhe me simbolin e shqiponj\u00ebs: \u201cFaleminderit p\u00ebr mb\u00ebshtetjen tuaj n\u00eb vitin 2019.\u201d Po ashtu ka [&hellip;]<\/p>\n","protected":false,"gt_translate_keys":[{"key":"rendered","format":"html"}]},"author":30,"featured_media":344328,"comment_status":"open","ping_status":"open","sticky":false,"template":"","format":"standard","meta":{"footnotes":""},"categories":[134],"tags":[],"class_list":["post-344325","post","type-post","status-publish","format-standard","has-post-thumbnail","hentry","category-sport"],"gt_translate_keys":[{"key":"link","format":"url"}],"_links":{"self":[{"href":"https:\/\/www.hashtag.al\/index.php\/wp-json\/wp\/v2\/posts\/344325","targetHints":{"allow":["GET"]}}],"collection":[{"href":"https:\/\/www.hashtag.al\/index.php\/wp-json\/wp\/v2\/posts"}],"about":[{"href":"https:\/\/www.hashtag.al\/index.php\/wp-json\/wp\/v2\/types\/post"}],"author":[{"embeddable":true,"href":"https:\/\/www.hashtag.al\/index.php\/wp-json\/wp\/v2\/users\/30"}],"replies":[{"embeddable":true,"href":"https:\/\/www.hashtag.al\/index.php\/wp-json\/wp\/v2\/comments?post=344325"}],"version-history":[{"count":0,"href":"https:\/\/www.hashtag.al\/index.php\/wp-json\/wp\/v2\/posts\/344325\/revisions"}],"wp:featuredmedia":[{"embeddable":true,"href":"https:\/\/www.hashtag.al\/index.php\/wp-json\/wp\/v2\/media\/344328"}],"wp:attachment":[{"href":"https:\/\/www.hashtag.al\/index.php\/wp-json\/wp\/v2\/media?parent=344325"}],"wp:term":[{"taxonomy":"category","embeddable":true,"href":"https:\/\/www.hashtag.al\/index.php\/wp-json\/wp\/v2\/categories?post=344325"},{"taxonomy":"post_tag","embeddable":true,"href":"https:\/\/www.hashtag.al\/index.php\/wp-json\/wp\/v2\/tags?post=344325"}],"curies":[{"name":"wp","href":"https:\/\/api.w.org\/{rel}","templated":true}]}}