{"id":344198,"date":"2019-12-29T13:53:25","date_gmt":"2019-12-29T12:53:25","guid":{"rendered":"https:\/\/hashtag.al\/?p=344198"},"modified":"2019-12-29T13:56:33","modified_gmt":"2019-12-29T12:56:33","slug":"albin-kurti-daten-formimit-te-qeverise-ma-percakton-ldk-jo-presidenti","status":"publish","type":"post","link":"https:\/\/www.hashtag.al\/index.php\/2019\/12\/29\/albin-kurti-daten-formimit-te-qeverise-ma-percakton-ldk-jo-presidenti\/","title":{"rendered":"Albin Kurti: Dat\u00ebn formimit t\u00eb qeveris\u00eb ma p\u00ebrcakton LDK, jo Presidenti","gt_translate_keys":[{"key":"rendered","format":"text"}]},"content":{"rendered":"<p><a href=\"https:\/\/hashtag.al\/wp-content\/uploads\/2019\/12\/Albin-Kurti.jpg\"><img loading=\"lazy\" decoding=\"async\" class=\"aligncenter size-full wp-image-344199\" src=\"https:\/\/hashtag.al\/wp-content\/uploads\/2019\/12\/Albin-Kurti.jpg\" alt=\"\" width=\"600\" height=\"347\" srcset=\"https:\/\/www.hashtag.al\/wp-content\/uploads\/2019\/12\/Albin-Kurti.jpg 600w, https:\/\/www.hashtag.al\/wp-content\/uploads\/2019\/12\/Albin-Kurti-300x174.jpg 300w\" sizes=\"auto, (max-width: 600px) 100vw, 600px\" \/><\/a><\/p>\n<p><span style=\"color: #000000;\">Lideri i Vet\u00ebvendosjes, Albin Kurti ka konfirmuar se p\u00ebr 2019-\u00ebn nuk do t\u00eb ket\u00eb qeveri t\u00eb re. <\/span><span style=\"color: #000000;\">Pas mbledhjes s\u00eb K\u00ebshillit t\u00eb P\u00ebrgjithsh\u00ebm t\u00eb Vet\u00ebvendosjes, Kurti tha se vet\u00ebm n\u00eb janar do t\u00eb ndodh\u00eb pajtimi me LDK-n\u00eb p\u00ebr t\u00eb ndar\u00eb pozitat shtet\u00ebrore.<\/span><\/p>\n<p><span style=\"color: #000000;\">Lideri i VV-s\u00eb ka th\u00ebn\u00eb se Partia e Isa Mustaf\u00ebs refuzoi pozit\u00ebn e Kryetarit t\u00eb Kuvendit t\u00eb cil\u00ebn e mori N\u00ebnkryetari i Vet\u00ebvendosjes, Glauk Konjufca.<\/span><\/p>\n<p><span style=\"color: #000000;\"><em>\u201c80 dit\u00eb nuk mjaftuan p\u00ebr ta arritur marr\u00ebveshjen q\u00eb k\u00ebrkohej sepse kishte k\u00ebrkesa p\u00ebrtej mandatit. Ne kemi marr\u00eb mesazh t\u00eb qart\u00eb n\u00eb zgjedhje, q\u00eb opozita e djeshme t\u00eb jet\u00eb pozita e ardhshme. Ne si l\u00ebvizje jemi munduar t\u00eb reflektojm\u00eb n\u00eb k\u00ebt\u00eb mesazh. Ne kemi ofruar nj\u00ebrin nga dy postet q\u00eb qytetar\u00ebt na ofruan neve. E ofruam pozit\u00ebn e kryeparlamentarit por ajo u refuzua\u201d<\/em>, ka shtuar Kurti, citon <span style=\"color: #0000ff;\"><a style=\"color: #0000ff;\" href=\"https:\/\/www.gazetaexpress.com\/kurti-ska-qeveri-kete-vit-ldk-refuzoi-kryeparlamentarin\/\">Express<\/a><\/span>.<\/span><\/p>\n<p><span style=\"color: #000000;\">Ai tha se nuk duhet humbur m\u00eb shum\u00eb koh\u00eb p\u00ebr t\u00eb formuar qeverin\u00eb.<\/span><\/p>\n<p><span style=\"color: #000000;\"><em>\u00a0\u201cUn\u00eb pres q\u00eb pas konstituimit t\u00eb Kuvendit t\u00eb fokusohemi n\u00eb b\u00ebrjen e koalicionit qeveris\u00ebs sepse pengesat e panevojshme nuk i duam. Ne nuk do t\u00eb ishim VV n\u00ebse nuk punojm\u00eb e k\u00ebrkojm\u00eb ashtu si\u00e7 duan qytetar\u00ebt. Koh\u00eb p\u00ebr t\u00eb humbur nuk kemi sepse s\u2019kemi ekonomi t\u00eb zhvilluar, nuk kemi sh\u00ebrbime t\u00eb mira sh\u00ebndet\u00ebsore dhe pothuajse t\u00eb gjith\u00eb sektor\u00ebve iu duhet nd\u00ebrhyrje\u201d<\/em>, ka th\u00ebn\u00eb lideri i VV-s\u00eb.<\/span><\/p>\n<p><span style=\"color: #000000;\">Kurti tha se vet\u00ebm Partia e Isa Mustaf\u00ebs e p\u00ebrcakton se kur do t\u00eb formohet Qeveria e re e jo Presidenti i Republik\u00ebs, Hashim Tha\u00e7i.<\/span><\/p>\n<p><span style=\"color: #000000;\">Ai tha se takimi me Tha\u00e7in do t\u00eb b\u00ebhet, por data e formimit t\u00eb qeveris\u00eb do t\u00eb p\u00ebrcaktohet pas marr\u00ebveshjes mes LDK\u2019s\u00eb e VV\u2019s\u00eb.<\/span><\/p>\n<p><span style=\"color: #000000;\"><em>\u00a0\u201cPra, Presidenti i Republik\u00ebs p\u00ebrcakton dat\u00ebn e konsitutimit t\u00eb Kuvendit e jo t\u00eb formimit t\u00eb Qeveris\u00eb. Formimin e Qeveris\u00eb e p\u00ebrcakton tjert\u00ebrkush. Mua dat\u00ebn p\u00ebr formimin e Qeveris\u00eb ma p\u00ebrcakton Lidhja Demokratike e Kosov\u00ebs jo Presidenti i Republik\u00ebs<\/em>\u201d, jan\u00eb fjal\u00ebt e Kurtit.<\/span><\/p>\n","protected":false,"gt_translate_keys":[{"key":"rendered","format":"html"}]},"excerpt":{"rendered":"<p>Lideri i Vet\u00ebvendosjes, Albin Kurti ka konfirmuar se p\u00ebr 2019-\u00ebn nuk do t\u00eb ket\u00eb qeveri t\u00eb re. Pas mbledhjes s\u00eb K\u00ebshillit t\u00eb P\u00ebrgjithsh\u00ebm t\u00eb Vet\u00ebvendosjes, Kurti tha se vet\u00ebm n\u00eb janar do t\u00eb ndodh\u00eb pajtimi me LDK-n\u00eb p\u00ebr t\u00eb ndar\u00eb pozitat shtet\u00ebrore. Lideri i VV-s\u00eb ka th\u00ebn\u00eb se Partia e Isa Mustaf\u00ebs refuzoi pozit\u00ebn e [&hellip;]<\/p>\n","protected":false,"gt_translate_keys":[{"key":"rendered","format":"html"}]},"author":30,"featured_media":344199,"comment_status":"open","ping_status":"open","sticky":false,"template":"","format":"standard","meta":{"footnotes":""},"categories":[65,13],"tags":[],"class_list":["post-344198","post","type-post","status-publish","format-standard","has-post-thumbnail","hentry","category-lajme","category-te-fundit"],"gt_translate_keys":[{"key":"link","format":"url"}],"_links":{"self":[{"href":"https:\/\/www.hashtag.al\/index.php\/wp-json\/wp\/v2\/posts\/344198","targetHints":{"allow":["GET"]}}],"collection":[{"href":"https:\/\/www.hashtag.al\/index.php\/wp-json\/wp\/v2\/posts"}],"about":[{"href":"https:\/\/www.hashtag.al\/index.php\/wp-json\/wp\/v2\/types\/post"}],"author":[{"embeddable":true,"href":"https:\/\/www.hashtag.al\/index.php\/wp-json\/wp\/v2\/users\/30"}],"replies":[{"embeddable":true,"href":"https:\/\/www.hashtag.al\/index.php\/wp-json\/wp\/v2\/comments?post=344198"}],"version-history":[{"count":0,"href":"https:\/\/www.hashtag.al\/index.php\/wp-json\/wp\/v2\/posts\/344198\/revisions"}],"wp:featuredmedia":[{"embeddable":true,"href":"https:\/\/www.hashtag.al\/index.php\/wp-json\/wp\/v2\/media\/344199"}],"wp:attachment":[{"href":"https:\/\/www.hashtag.al\/index.php\/wp-json\/wp\/v2\/media?parent=344198"}],"wp:term":[{"taxonomy":"category","embeddable":true,"href":"https:\/\/www.hashtag.al\/index.php\/wp-json\/wp\/v2\/categories?post=344198"},{"taxonomy":"post_tag","embeddable":true,"href":"https:\/\/www.hashtag.al\/index.php\/wp-json\/wp\/v2\/tags?post=344198"}],"curies":[{"name":"wp","href":"https:\/\/api.w.org\/{rel}","templated":true}]}}