{"id":343965,"date":"2019-12-28T10:52:24","date_gmt":"2019-12-28T09:52:24","guid":{"rendered":"https:\/\/hashtag.al\/?p=343965"},"modified":"2019-12-28T10:55:22","modified_gmt":"2019-12-28T09:55:22","slug":"grabitet-argjendaria-ne-qender-te-korces","status":"publish","type":"post","link":"https:\/\/www.hashtag.al\/index.php\/2019\/12\/28\/grabitet-argjendaria-ne-qender-te-korces\/","title":{"rendered":"Grabitet argjendaria n\u00eb qend\u00ebr t\u00eb Kor\u00e7\u00ebs","gt_translate_keys":[{"key":"rendered","format":"text"}]},"content":{"rendered":"<p><a href=\"https:\/\/hashtag.al\/wp-content\/uploads\/2019\/12\/Korce.jpg\"><img loading=\"lazy\" decoding=\"async\" class=\"aligncenter size-full wp-image-343969\" src=\"https:\/\/hashtag.al\/wp-content\/uploads\/2019\/12\/Korce.jpg\" alt=\"\" width=\"644\" height=\"284\" srcset=\"https:\/\/www.hashtag.al\/wp-content\/uploads\/2019\/12\/Korce.jpg 644w, https:\/\/www.hashtag.al\/wp-content\/uploads\/2019\/12\/Korce-300x132.jpg 300w\" sizes=\"auto, (max-width: 644px) 100vw, 644px\" \/><\/a><\/p>\n<p><span style=\"color: #000000;\">Nj\u00eb argjendari \u00ebsht\u00eb grabitur n\u00eb or\u00ebt e para t\u00eb m\u00ebngjesit t\u00eb sot\u00ebm n\u00eb qend\u00ebr t\u00eb qytetit t\u00eb Kor\u00e7\u00ebs.<\/span><\/p>\n<p><span style=\"color: #000000;\">Sipas &#8216;BalkanWeb&#8217;, ngjarja n\u00eb fjal\u00eb \u00ebsht\u00eb regjistruar n\u00eb or\u00ebn 3:00 n\u00eb pedonalen e qytetit, ku d<\/span><span style=\"color: #000000;\">isa persona t\u00eb paidentifikuar kan\u00eb shkallmuar der\u00ebn e argjendaris\u00eb, duke u futur brenda dhe duke marr\u00eb prej aty sende me vler\u00eb.<\/span><\/p>\n<p><span style=\"color: #000000;\">Policia ndodhet n\u00eb vendin e ngjarjes nd\u00ebrsa nuk dihet ende shuma e plot\u00eb e d\u00ebmit t\u00eb shkaktuar.<\/span><\/p>\n<p><a href=\"https:\/\/hashtag.al\/wp-content\/uploads\/2019\/12\/grabitet-argjendaria.png\"><img loading=\"lazy\" decoding=\"async\" class=\"aligncenter size-full wp-image-343966\" src=\"https:\/\/hashtag.al\/wp-content\/uploads\/2019\/12\/grabitet-argjendaria.png\" alt=\"\" width=\"1280\" height=\"960\" srcset=\"https:\/\/www.hashtag.al\/wp-content\/uploads\/2019\/12\/grabitet-argjendaria.png 1280w, https:\/\/www.hashtag.al\/wp-content\/uploads\/2019\/12\/grabitet-argjendaria-300x225.png 300w, https:\/\/www.hashtag.al\/wp-content\/uploads\/2019\/12\/grabitet-argjendaria-768x576.png 768w, https:\/\/www.hashtag.al\/wp-content\/uploads\/2019\/12\/grabitet-argjendaria-1024x768.png 1024w\" sizes=\"auto, (max-width: 1280px) 100vw, 1280px\" \/><\/a> <a href=\"https:\/\/hashtag.al\/wp-content\/uploads\/2019\/12\/grabitet-argjendaria-2.png\"><img loading=\"lazy\" decoding=\"async\" class=\"aligncenter size-full wp-image-343967\" src=\"https:\/\/hashtag.al\/wp-content\/uploads\/2019\/12\/grabitet-argjendaria-2.png\" alt=\"\" width=\"1280\" height=\"960\" srcset=\"https:\/\/www.hashtag.al\/wp-content\/uploads\/2019\/12\/grabitet-argjendaria-2.png 1280w, https:\/\/www.hashtag.al\/wp-content\/uploads\/2019\/12\/grabitet-argjendaria-2-300x225.png 300w, https:\/\/www.hashtag.al\/wp-content\/uploads\/2019\/12\/grabitet-argjendaria-2-768x576.png 768w, https:\/\/www.hashtag.al\/wp-content\/uploads\/2019\/12\/grabitet-argjendaria-2-1024x768.png 1024w\" sizes=\"auto, (max-width: 1280px) 100vw, 1280px\" \/><\/a> <a href=\"https:\/\/hashtag.al\/wp-content\/uploads\/2019\/12\/grabitet-klinike-dentare.png\"><img loading=\"lazy\" decoding=\"async\" class=\"aligncenter size-full wp-image-343968\" src=\"https:\/\/hashtag.al\/wp-content\/uploads\/2019\/12\/grabitet-klinike-dentare.png\" alt=\"\" width=\"1280\" height=\"960\" srcset=\"https:\/\/www.hashtag.al\/wp-content\/uploads\/2019\/12\/grabitet-klinike-dentare.png 1280w, https:\/\/www.hashtag.al\/wp-content\/uploads\/2019\/12\/grabitet-klinike-dentare-300x225.png 300w, https:\/\/www.hashtag.al\/wp-content\/uploads\/2019\/12\/grabitet-klinike-dentare-768x576.png 768w, https:\/\/www.hashtag.al\/wp-content\/uploads\/2019\/12\/grabitet-klinike-dentare-1024x768.png 1024w\" sizes=\"auto, (max-width: 1280px) 100vw, 1280px\" \/><\/a><\/p>\n","protected":false,"gt_translate_keys":[{"key":"rendered","format":"html"}]},"excerpt":{"rendered":"<p>Nj\u00eb argjendari \u00ebsht\u00eb grabitur n\u00eb or\u00ebt e para t\u00eb m\u00ebngjesit t\u00eb sot\u00ebm n\u00eb qend\u00ebr t\u00eb qytetit t\u00eb Kor\u00e7\u00ebs. Sipas &#8216;BalkanWeb&#8217;, ngjarja n\u00eb fjal\u00eb \u00ebsht\u00eb regjistruar n\u00eb or\u00ebn 3:00 n\u00eb pedonalen e qytetit, ku disa persona t\u00eb paidentifikuar kan\u00eb shkallmuar der\u00ebn e argjendaris\u00eb, duke u futur brenda dhe duke marr\u00eb prej aty sende me vler\u00eb. Policia [&hellip;]<\/p>\n","protected":false,"gt_translate_keys":[{"key":"rendered","format":"html"}]},"author":30,"featured_media":343969,"comment_status":"open","ping_status":"open","sticky":false,"template":"","format":"standard","meta":{"footnotes":""},"categories":[65,13],"tags":[],"class_list":["post-343965","post","type-post","status-publish","format-standard","has-post-thumbnail","hentry","category-lajme","category-te-fundit"],"gt_translate_keys":[{"key":"link","format":"url"}],"_links":{"self":[{"href":"https:\/\/www.hashtag.al\/index.php\/wp-json\/wp\/v2\/posts\/343965","targetHints":{"allow":["GET"]}}],"collection":[{"href":"https:\/\/www.hashtag.al\/index.php\/wp-json\/wp\/v2\/posts"}],"about":[{"href":"https:\/\/www.hashtag.al\/index.php\/wp-json\/wp\/v2\/types\/post"}],"author":[{"embeddable":true,"href":"https:\/\/www.hashtag.al\/index.php\/wp-json\/wp\/v2\/users\/30"}],"replies":[{"embeddable":true,"href":"https:\/\/www.hashtag.al\/index.php\/wp-json\/wp\/v2\/comments?post=343965"}],"version-history":[{"count":0,"href":"https:\/\/www.hashtag.al\/index.php\/wp-json\/wp\/v2\/posts\/343965\/revisions"}],"wp:featuredmedia":[{"embeddable":true,"href":"https:\/\/www.hashtag.al\/index.php\/wp-json\/wp\/v2\/media\/343969"}],"wp:attachment":[{"href":"https:\/\/www.hashtag.al\/index.php\/wp-json\/wp\/v2\/media?parent=343965"}],"wp:term":[{"taxonomy":"category","embeddable":true,"href":"https:\/\/www.hashtag.al\/index.php\/wp-json\/wp\/v2\/categories?post=343965"},{"taxonomy":"post_tag","embeddable":true,"href":"https:\/\/www.hashtag.al\/index.php\/wp-json\/wp\/v2\/tags?post=343965"}],"curies":[{"name":"wp","href":"https:\/\/api.w.org\/{rel}","templated":true}]}}