{"id":343674,"date":"2019-12-26T15:44:11","date_gmt":"2019-12-26T14:44:11","guid":{"rendered":"https:\/\/hashtag.al\/?p=343674"},"modified":"2019-12-26T15:44:11","modified_gmt":"2019-12-26T14:44:11","slug":"termeti-su-regjistrua-i-plote-pasi-iku-rryma-stacionet-pa-burim-energjie-rezerve-shefi-i-sizmiologjise","status":"publish","type":"post","link":"https:\/\/www.hashtag.al\/index.php\/2019\/12\/26\/termeti-su-regjistrua-i-plote-pasi-iku-rryma-stacionet-pa-burim-energjie-rezerve-shefi-i-sizmiologjise\/","title":{"rendered":"&#8220;T\u00ebrmeti s&#8217;u regjistrua i plot\u00eb pasi iku rryma, stacionet pa burim energjie rezerv\u00eb&#8221; &#8211; Shefi i Sizmiologjis\u00eb","gt_translate_keys":[{"key":"rendered","format":"text"}]},"content":{"rendered":"<p><img loading=\"lazy\" decoding=\"async\" class=\"aligncenter size-full wp-image-343675\" src=\"https:\/\/hashtag.al\/wp-content\/uploads\/2019\/12\/rexhepkoci.png\" alt=\"\" width=\"1116\" height=\"594\" \/><\/p>\n<p><span style=\"color: #000000;\">Shefi i Sizmiologjis\u00eb pran\u00eb IGJEUM-it (Instituti i Gjeoshkencave, Energjise, Ujit dhe Mjedisit), Rexhep Ko\u00e7i, deklaroi dit\u00ebn e sotme se l\u00ebkundjet e t\u00ebrmetit t\u00eb 26 n\u00ebntorit nuk u mat\u00ebn t\u00eb plota p\u00ebr shkak t\u00eb ikjes s\u00eb energjis\u00eb elektrike. <\/span><\/p>\n<p><span style=\"color: #000000;\">Ai tha se pas t\u00ebrmetit ka ende pasl\u00ebkundje por k\u00ebto jan\u00eb krejt normale dhe me mangitud\u00eb t\u00eb vog\u00ebl, n\u00eb shumic\u00ebn e rasteve t\u00eb pandjeshme.<\/span><\/p>\n<p><span style=\"color: #000000;\"><em>\u2018N\u00eb Durr\u00ebs kemi nj\u00eb stacion, nd\u00ebrsa do ishte mir\u00eb t\u00eb kishim dy. At\u00eb dit\u00eb ka pasur shum\u00eb her\u00eb nd\u00ebrprerje t\u00eb energjise elektrike, ndaj stacioni ka regjistruar vet\u00ebm 15 sekondat e para t\u00eb termetit, m\u00eb pas iku energjia. Pra nuk \u00ebsht\u00eb matur i plot\u00eb sepse t\u00ebrmeti vazhoi p\u00ebr 30 sekonda. Ne kemi 90 p\u00ebr qind t\u00eb stacioneve n\u00eb gjith\u00eb vendin pa burim energjie rezerve (back-up) kjo ka munguar dhe vazhdon t\u00eb mungoj\u00eb prej vitesh\u2019<\/em>, deklaroi ai.<\/span><\/p>\n","protected":false,"gt_translate_keys":[{"key":"rendered","format":"html"}]},"excerpt":{"rendered":"<p>Shefi i Sizmiologjis\u00eb pran\u00eb IGJEUM-it (Instituti i Gjeoshkencave, Energjise, Ujit dhe Mjedisit), Rexhep Ko\u00e7i, deklaroi dit\u00ebn e sotme se l\u00ebkundjet e t\u00ebrmetit t\u00eb 26 n\u00ebntorit nuk u mat\u00ebn t\u00eb plota p\u00ebr shkak t\u00eb ikjes s\u00eb energjis\u00eb elektrike. Ai tha se pas t\u00ebrmetit ka ende pasl\u00ebkundje por k\u00ebto jan\u00eb krejt normale dhe me mangitud\u00eb t\u00eb vog\u00ebl, [&hellip;]<\/p>\n","protected":false,"gt_translate_keys":[{"key":"rendered","format":"html"}]},"author":51,"featured_media":343675,"comment_status":"open","ping_status":"open","sticky":false,"template":"","format":"standard","meta":{"footnotes":""},"categories":[65,13],"tags":[],"class_list":["post-343674","post","type-post","status-publish","format-standard","has-post-thumbnail","hentry","category-lajme","category-te-fundit"],"gt_translate_keys":[{"key":"link","format":"url"}],"_links":{"self":[{"href":"https:\/\/www.hashtag.al\/index.php\/wp-json\/wp\/v2\/posts\/343674","targetHints":{"allow":["GET"]}}],"collection":[{"href":"https:\/\/www.hashtag.al\/index.php\/wp-json\/wp\/v2\/posts"}],"about":[{"href":"https:\/\/www.hashtag.al\/index.php\/wp-json\/wp\/v2\/types\/post"}],"author":[{"embeddable":true,"href":"https:\/\/www.hashtag.al\/index.php\/wp-json\/wp\/v2\/users\/51"}],"replies":[{"embeddable":true,"href":"https:\/\/www.hashtag.al\/index.php\/wp-json\/wp\/v2\/comments?post=343674"}],"version-history":[{"count":0,"href":"https:\/\/www.hashtag.al\/index.php\/wp-json\/wp\/v2\/posts\/343674\/revisions"}],"wp:featuredmedia":[{"embeddable":true,"href":"https:\/\/www.hashtag.al\/index.php\/wp-json\/wp\/v2\/media\/343675"}],"wp:attachment":[{"href":"https:\/\/www.hashtag.al\/index.php\/wp-json\/wp\/v2\/media?parent=343674"}],"wp:term":[{"taxonomy":"category","embeddable":true,"href":"https:\/\/www.hashtag.al\/index.php\/wp-json\/wp\/v2\/categories?post=343674"},{"taxonomy":"post_tag","embeddable":true,"href":"https:\/\/www.hashtag.al\/index.php\/wp-json\/wp\/v2\/tags?post=343674"}],"curies":[{"name":"wp","href":"https:\/\/api.w.org\/{rel}","templated":true}]}}