{"id":343500,"date":"2019-12-25T15:30:24","date_gmt":"2019-12-25T14:30:24","guid":{"rendered":"https:\/\/hashtag.al\/?p=343500"},"modified":"2019-12-25T15:30:24","modified_gmt":"2019-12-25T14:30:24","slug":"ne-paraburgim-me-akuzat-per-atentatin-ndaj-florenc-capjes-denohet-edhe-me-8-muaj-burg-per-celularin-ne-qeli","status":"publish","type":"post","link":"https:\/\/www.hashtag.al\/index.php\/2019\/12\/25\/ne-paraburgim-me-akuzat-per-atentatin-ndaj-florenc-capjes-denohet-edhe-me-8-muaj-burg-per-celularin-ne-qeli\/","title":{"rendered":"N\u00eb \u00a0paraburgim me akuzat p\u00ebr atentatin ndaj Florenc \u00c7apjes, d\u00ebnohet edhe me 8 muaj burg p\u00ebr celularin n\u00eb qeli","gt_translate_keys":[{"key":"rendered","format":"text"}]},"content":{"rendered":"<p><img loading=\"lazy\" decoding=\"async\" class=\"aligncenter size-full wp-image-343501\" src=\"https:\/\/hashtag.al\/wp-content\/uploads\/2019\/12\/hasanpapa-840x440.jpg\" alt=\"\" width=\"840\" height=\"440\" srcset=\"https:\/\/www.hashtag.al\/wp-content\/uploads\/2019\/12\/hasanpapa-840x440.jpg 840w, https:\/\/www.hashtag.al\/wp-content\/uploads\/2019\/12\/hasanpapa-840x440-300x157.jpg 300w, https:\/\/www.hashtag.al\/wp-content\/uploads\/2019\/12\/hasanpapa-840x440-768x402.jpg 768w\" sizes=\"auto, (max-width: 840px) 100vw, 840px\" \/><\/p>\n<p><span style=\"color: #000000;\">Shk\u00eblzen Hasanpapaj i ndodhur n\u00eb \u00a0qelin\u00eb \u00a0e paraburgimit i akuzuar p\u00ebr atentatin ndaj Florenc \u00c7apjes n\u00eb Elbasan ka konsumuar nj\u00eb \u00a0vep\u00ebr tjet\u00ebr penale.\u00a0<\/span><\/p>\n<p><span style=\"color: #000000;\">Nj\u00eb kontroll i beft\u00eb n\u00eb qelin\u00eb e tij n\u00eb paraburgimin 302 n\u00eb Tiran\u00eb n\u00eb maj t\u00eb k\u00ebtij viti zbuloi nj\u00eb telefon celular \u201ciPhone 6S\u201d. Sendi i ndaluar ka ngarkuar me p\u00ebrgjegj\u00ebsi penale 22-vje\u00e7arin, duke e d\u00ebrguar si t\u00eb pandehur n\u00eb Gjykat\u00ebn e Tiran\u00ebs p\u00ebr akuz\u00ebn e \u201cfutjes dhe mbajtjes s\u00eb sendeve t\u00eb ndaluara n\u00eb burg\u201d.<\/span><\/p>\n<p><span style=\"color: #000000;\">N\u00eb p\u00ebrfundim t\u00eb gjykimit ai \u00ebsht\u00eb shpallur fajtor dhe d\u00ebnuar me 8 muaj burg. Sipas arsyetimit t\u00eb vendimit, Hasanpapaj nuk ka dh\u00ebn\u00eb asnj\u00eb shpjegim pas gjetjes s\u00eb aparatit telefonik, raporton A2-News.<\/span><\/p>\n<p><span style=\"color: #000000;\">Gjykata thekson se karta SIM e p\u00ebrdorur nga i pandehuri rezultonte e regjistruar n\u00eb kompanin\u00eb p\u00ebrkat\u00ebse telefonike me emrin Jurgen Kurti. Por, nga verifikimi i librit t\u00eb takimeve t\u00eb paraburgimit \u201cMine Peza\u201d nuk rezultonte q\u00eb ky person t\u2019i kishte ardhur n\u00eb takim t\u00eb pandehurit.<\/span><\/p>\n<p><span style=\"color: #000000;\">N\u00eb muajin n\u00ebntor, Shk\u00eblzen Hasanpapaj u d\u00ebnua me 10 vite burg nga Gjykata e Elbasanit p\u00ebr tentativ\u00ebn e vrasjes s\u00eb Florenc \u00c7apjes dhe Bledar Mu\u00e7\u00ebs n\u00eb qershor 2016 n\u00eb Elbasan. Sipas gjykat\u00ebs, 22-vje\u00e7ari ishte autori i bresh\u00ebrive automatike drejt automjetit ku ata udh\u00ebtonin n\u00eb qershor 2016 n\u00eb Elbasan, duke plagosur Mu\u00e7\u00ebn, si edhe nj\u00eb efektiv policie, kalimtar n\u00eb vendin e ngjarjes.<\/span><\/p>\n<p><span style=\"color: #000000;\">Pas krimit, Hasanpapaj u largua drejt Holand\u00ebs ku u arrestua dhe ekstradua n\u00eb Shqip\u00ebri.\u00a0<\/span><\/p>\n","protected":false,"gt_translate_keys":[{"key":"rendered","format":"html"}]},"excerpt":{"rendered":"<p>Shk\u00eblzen Hasanpapaj i ndodhur n\u00eb \u00a0qelin\u00eb \u00a0e paraburgimit i akuzuar p\u00ebr atentatin ndaj Florenc \u00c7apjes n\u00eb Elbasan ka konsumuar nj\u00eb \u00a0vep\u00ebr tjet\u00ebr penale.\u00a0 Nj\u00eb kontroll i beft\u00eb n\u00eb qelin\u00eb e tij n\u00eb paraburgimin 302 n\u00eb Tiran\u00eb n\u00eb maj t\u00eb k\u00ebtij viti zbuloi nj\u00eb telefon celular \u201ciPhone 6S\u201d. Sendi i ndaluar ka ngarkuar me p\u00ebrgjegj\u00ebsi penale [&hellip;]<\/p>\n","protected":false,"gt_translate_keys":[{"key":"rendered","format":"html"}]},"author":32,"featured_media":343501,"comment_status":"open","ping_status":"open","sticky":false,"template":"","format":"standard","meta":{"footnotes":""},"categories":[65,13],"tags":[],"class_list":["post-343500","post","type-post","status-publish","format-standard","has-post-thumbnail","hentry","category-lajme","category-te-fundit"],"gt_translate_keys":[{"key":"link","format":"url"}],"_links":{"self":[{"href":"https:\/\/www.hashtag.al\/index.php\/wp-json\/wp\/v2\/posts\/343500","targetHints":{"allow":["GET"]}}],"collection":[{"href":"https:\/\/www.hashtag.al\/index.php\/wp-json\/wp\/v2\/posts"}],"about":[{"href":"https:\/\/www.hashtag.al\/index.php\/wp-json\/wp\/v2\/types\/post"}],"author":[{"embeddable":true,"href":"https:\/\/www.hashtag.al\/index.php\/wp-json\/wp\/v2\/users\/32"}],"replies":[{"embeddable":true,"href":"https:\/\/www.hashtag.al\/index.php\/wp-json\/wp\/v2\/comments?post=343500"}],"version-history":[{"count":0,"href":"https:\/\/www.hashtag.al\/index.php\/wp-json\/wp\/v2\/posts\/343500\/revisions"}],"wp:featuredmedia":[{"embeddable":true,"href":"https:\/\/www.hashtag.al\/index.php\/wp-json\/wp\/v2\/media\/343501"}],"wp:attachment":[{"href":"https:\/\/www.hashtag.al\/index.php\/wp-json\/wp\/v2\/media?parent=343500"}],"wp:term":[{"taxonomy":"category","embeddable":true,"href":"https:\/\/www.hashtag.al\/index.php\/wp-json\/wp\/v2\/categories?post=343500"},{"taxonomy":"post_tag","embeddable":true,"href":"https:\/\/www.hashtag.al\/index.php\/wp-json\/wp\/v2\/tags?post=343500"}],"curies":[{"name":"wp","href":"https:\/\/api.w.org\/{rel}","templated":true}]}}