{"id":343498,"date":"2019-12-25T15:05:35","date_gmt":"2019-12-25T14:05:35","guid":{"rendered":"https:\/\/hashtag.al\/?p=343498"},"modified":"2019-12-25T15:05:35","modified_gmt":"2019-12-25T14:05:35","slug":"hyn-ne-javen-e-katert-greva-e-punetoreve-te-transportit-ne-france","status":"publish","type":"post","link":"https:\/\/www.hashtag.al\/index.php\/2019\/12\/25\/hyn-ne-javen-e-katert-greva-e-punetoreve-te-transportit-ne-france\/","title":{"rendered":"Hyn n\u00eb jav\u00ebn e kat\u00ebrt greva e pun\u00ebtor\u00ebve t\u00eb transportit n\u00eb Franc\u00eb","gt_translate_keys":[{"key":"rendered","format":"text"}]},"content":{"rendered":"<p><img loading=\"lazy\" decoding=\"async\" class=\"aligncenter size-full wp-image-339857\" src=\"https:\/\/hashtag.al\/wp-content\/uploads\/2019\/12\/grevefrance.jpg\" alt=\"\" width=\"980\" height=\"551\" srcset=\"https:\/\/www.hashtag.al\/wp-content\/uploads\/2019\/12\/grevefrance.jpg 980w, https:\/\/www.hashtag.al\/wp-content\/uploads\/2019\/12\/grevefrance-300x169.jpg 300w, https:\/\/www.hashtag.al\/wp-content\/uploads\/2019\/12\/grevefrance-768x432.jpg 768w\" sizes=\"auto, (max-width: 980px) 100vw, 980px\" \/><\/p>\n<p><span style=\"color: #000000;\">Grevat e pun\u00ebtor\u00ebve t\u00eb transportit n\u00eb Franc\u00eb kan\u00eb vazhduar edhe n\u00eb Dit\u00ebn e Krishtlindjes, duke u shkaktuar probleme udh\u00ebtar\u00ebve q\u00eb jan\u00eb nisur drejt sht\u00ebpive t\u00eb tyre p\u00ebr t\u00eb kaluar k\u00ebt\u00eb dit\u00eb me familjet apo miqt\u00eb e tyre.<\/span><\/p>\n<p><span style=\"color: #000000;\">Shum\u00eb persona kan\u00eb b\u00ebr\u00eb zgjidhje n\u00eb minutat e fundit, pasi protestat kund\u00ebr nj\u00eb reforme p\u00ebr pensione kan\u00eb rezultuar me mij\u00ebra anulime t\u00eb udh\u00ebtimeve t\u00eb trenave.<\/span><\/p>\n<p><span style=\"color: #000000;\">Stacionet kryesore t\u00eb trenave n\u00eb Paris kan\u00eb qen\u00eb t\u00eb mbyllura.<\/span><\/p>\n<p><span style=\"color: #000000;\">N\u00eb negociatat e jav\u00ebs s\u00eb kaluar mes qeveris\u00eb dhe sindikatave nuk \u00ebsht\u00eb arritur marr\u00ebveshje, andaj pun\u00ebtor\u00ebt e transportit jan\u00eb zotuar se nuk do t\u00eb ket\u00eb ndalje t\u00eb grev\u00ebs k\u00ebt\u00eb dit\u00eb, derisa zyrtar\u00ebt t\u00eb heqin dor\u00eb nga planet p\u00ebr shkrir\u00eb 42 skemat p\u00ebr pensione n\u00eb nj\u00eb.<\/span><\/p>\n<p><span style=\"color: #000000;\">Sipas k\u00ebtyre reformave, ata q\u00eb dalin n\u00eb pension para mosh\u00ebs 64 vje\u00e7 do t\u00eb marrin pension m\u00eb t\u00eb ul\u00ebt.<\/span><\/p>\n<p><span style=\"color: #000000;\">Bisedimet pritet t\u00eb rinisin m\u00eb 7 janar.<\/span><\/p>\n<p><span style=\"color: #000000;\">Qeveria ka th\u00ebn\u00eb se ky ndryshim \u00ebsht\u00eb i nevojsh\u00ebm p\u00ebr t\u00eb krijuar nj\u00eb sistem t\u00eb drejt\u00eb t\u00eb pensionit.<\/span><\/p>\n","protected":false,"gt_translate_keys":[{"key":"rendered","format":"html"}]},"excerpt":{"rendered":"<p>Grevat e pun\u00ebtor\u00ebve t\u00eb transportit n\u00eb Franc\u00eb kan\u00eb vazhduar edhe n\u00eb Dit\u00ebn e Krishtlindjes, duke u shkaktuar probleme udh\u00ebtar\u00ebve q\u00eb jan\u00eb nisur drejt sht\u00ebpive t\u00eb tyre p\u00ebr t\u00eb kaluar k\u00ebt\u00eb dit\u00eb me familjet apo miqt\u00eb e tyre. Shum\u00eb persona kan\u00eb b\u00ebr\u00eb zgjidhje n\u00eb minutat e fundit, pasi protestat kund\u00ebr nj\u00eb reforme p\u00ebr pensione kan\u00eb rezultuar [&hellip;]<\/p>\n","protected":false,"gt_translate_keys":[{"key":"rendered","format":"html"}]},"author":32,"featured_media":338969,"comment_status":"open","ping_status":"open","sticky":false,"template":"","format":"standard","meta":{"footnotes":""},"categories":[6,13],"tags":[],"class_list":["post-343498","post","type-post","status-publish","format-standard","has-post-thumbnail","hentry","category-nderkombetare","category-te-fundit"],"gt_translate_keys":[{"key":"link","format":"url"}],"_links":{"self":[{"href":"https:\/\/www.hashtag.al\/index.php\/wp-json\/wp\/v2\/posts\/343498","targetHints":{"allow":["GET"]}}],"collection":[{"href":"https:\/\/www.hashtag.al\/index.php\/wp-json\/wp\/v2\/posts"}],"about":[{"href":"https:\/\/www.hashtag.al\/index.php\/wp-json\/wp\/v2\/types\/post"}],"author":[{"embeddable":true,"href":"https:\/\/www.hashtag.al\/index.php\/wp-json\/wp\/v2\/users\/32"}],"replies":[{"embeddable":true,"href":"https:\/\/www.hashtag.al\/index.php\/wp-json\/wp\/v2\/comments?post=343498"}],"version-history":[{"count":0,"href":"https:\/\/www.hashtag.al\/index.php\/wp-json\/wp\/v2\/posts\/343498\/revisions"}],"wp:featuredmedia":[{"embeddable":true,"href":"https:\/\/www.hashtag.al\/index.php\/wp-json\/wp\/v2\/media\/338969"}],"wp:attachment":[{"href":"https:\/\/www.hashtag.al\/index.php\/wp-json\/wp\/v2\/media?parent=343498"}],"wp:term":[{"taxonomy":"category","embeddable":true,"href":"https:\/\/www.hashtag.al\/index.php\/wp-json\/wp\/v2\/categories?post=343498"},{"taxonomy":"post_tag","embeddable":true,"href":"https:\/\/www.hashtag.al\/index.php\/wp-json\/wp\/v2\/tags?post=343498"}],"curies":[{"name":"wp","href":"https:\/\/api.w.org\/{rel}","templated":true}]}}