{"id":343246,"date":"2019-12-24T10:52:13","date_gmt":"2019-12-24T09:52:13","guid":{"rendered":"https:\/\/hashtag.al\/?p=343246"},"modified":"2019-12-24T10:58:06","modified_gmt":"2019-12-24T09:58:06","slug":"rama-pas-kryesise-se-ps-se-zgjedhjet-duken-larg-por-2021-shi-eshte-afer","status":"publish","type":"post","link":"https:\/\/www.hashtag.al\/index.php\/2019\/12\/24\/rama-pas-kryesise-se-ps-se-zgjedhjet-duken-larg-por-2021-shi-eshte-afer\/","title":{"rendered":"Rama pas kryesis\u00eb s\u00eb PS-s\u00eb: Zgjedhjet duken larg por 2021-shi \u00ebsht\u00eb af\u00ebr","gt_translate_keys":[{"key":"rendered","format":"text"}]},"content":{"rendered":"<p><a href=\"https:\/\/hashtag.al\/wp-content\/uploads\/2019\/12\/rama-6.jpg\"><img loading=\"lazy\" decoding=\"async\" class=\"aligncenter size-full wp-image-343247\" src=\"https:\/\/hashtag.al\/wp-content\/uploads\/2019\/12\/rama-6.jpg\" alt=\"\" width=\"759\" height=\"358\" srcset=\"https:\/\/www.hashtag.al\/wp-content\/uploads\/2019\/12\/rama-6.jpg 759w, https:\/\/www.hashtag.al\/wp-content\/uploads\/2019\/12\/rama-6-300x142.jpg 300w\" sizes=\"auto, (max-width: 759px) 100vw, 759px\" \/><\/a><\/p>\n<p><span style=\"color: #000000;\">Pas p\u00ebrfundimit t\u00eb mbledhjes s\u00eb Kryesis\u00eb s\u00eb PS-s\u00eb-, kryeministri Edi Rama tha se partia e tij ka nisur p\u00ebrgatitjet p\u00ebr kryetar\u00ebt e deg\u00ebve n\u00eb t\u00eb gjith\u00eb vendin.<\/span><\/p>\n<p><em><span style=\"color: #000000;\">\u201cJemi n\u00eb nj\u00eb proces organizmi rip\u00ebrt\u00ebritje dhe p\u00ebrgatitje p\u00ebr zgjedhjet e ardhshme. Pasi kemi zgjedhur kryetar\u00ebt kemi p\u00ebrfshir\u00eb edhe grat\u00eb n\u00eb procesin e p\u00ebrfshirjes, duke vendosur t\u00eb fillojm\u00eb t\u00eb zbatojm\u00eb nj\u00eb norm\u00eb t\u00eb re organizmi ku drejtimi i besohet nj\u00eb burri ose nj\u00eb djali, nj\u00eb gruaje ose nj\u00eb vajze. Tashm\u00eb ka ardhur koha p\u00ebr kryetar\u00ebt e partis\u00eb, p\u00ebr k\u00ebt\u00eb propozimet jan\u00eb trajtuar n\u00eb kryesi dhe kan\u00eb marr miratimin p\u00ebr t\u00eb vijuar m\u00eb pas me gar\u00ebn.<\/span><\/em><\/p>\n<p><span style=\"color: #000000;\"><em>Kudo procesi ec\u00ebn sipas normave t\u00eb paracaktuara diku m\u00eb shpejt diku m\u00eb ngadal\u00eb, diku m\u00eb mir\u00eb diku m\u00eb dob\u00ebt, n\u00eb p\u00ebrgjith\u00ebsi ky proces na ka dh\u00ebn\u00eb at\u00eb q\u00eb kemi pritur na ka dh\u00ebn\u00eb nj\u00eb energji t\u00eb re rip\u00ebrt\u00ebritje t\u00eb domosdoshme, edhe pse zgjedhjet duken larg ato jan\u00eb nes\u00ebr qershori 2021 \u00ebsht\u00eb shum\u00eb af\u00ebr politikisht\u201d<\/em>&#8211; tha Rama.<\/span><\/p>\n<p><span style=\"color: #000000;\">\u00a0Kryeministri foli dhe p\u00ebr situat\u00ebn n\u00eb Bashkin\u00eb e Shkodr\u00ebs nd\u00ebrsa nuk nguroi t\u00eb sulmonte presidentin e vendit Ilir Meta.<\/span><\/p>\n<p><span style=\"color: #000000;\"><em>\u201cMe presidentin nuk kemi komunikim, situata post zgjedhore karakterizohet nga nj\u00eb inerci q\u00eb lidhet me histori dekrete, \u00e7dekrete kemi p\u00ebr detyr\u00eb t\u00eb garantojm\u00eb vazhdim\u00ebsin\u00eb normale t\u00eb qeverisjes, sa i p\u00ebrket Shkodr\u00ebs nuk ka nj\u00eb vendim \u00ebsht\u00eb n\u00eb situat\u00ebn m\u00eb t\u00eb r\u00ebnd\u00eb, ka nj\u00eb kryetare q\u00eb \u00ebsht\u00eb e nuk \u00ebsht\u00eb kryetare, po \u00ebsht\u00eb nj\u00eb \u00e7\u00ebshtje q\u00eb nuk \u00ebsht\u00eb n\u00eb dor\u00ebn ton\u00eb, presim t\u00eb marri nj\u00eb zgjidhje.\u201d<\/em> \u2013theksoi Rama.<\/span><\/p>\n<p><span style=\"color: #000000;\">Rama edhe nj\u00ebher\u00eb tjet\u00ebr shprehu gatishm\u00ebrin\u00eb e tij p\u00ebr t&#8217;u ulur n\u00eb tryez\u00eb me opozit\u00ebn, por shtoi se nuk mund t\u00eb pres\u00eb dot deri kur opozita t\u00eb zgjohet nga gjumi.<\/span><\/p>\n<p><span style=\"color: #000000;\"><em>&#8220;Gj\u00ebrat funksionojn\u00eb, mund t\u00eb funksionin edhe m\u00eb mir\u00eb. Ne jemi t\u00eb gatsh\u00ebm t\u00eb ulemi n\u00eb tryez\u00eb, t\u00eb diskutojm\u00eb, t\u00eb d\u00ebgjojm\u00eb, t\u00eb reflektojm\u00eb kur ka sugjerime pozitive, por ne jemi t\u00eb d\u00ebnuar t\u00eb udh\u00ebheqim. Nuk jemi t\u00eb presim t\u00eb tjer\u00ebt t\u00eb zgjohen nga gjumi.&#8221;-<\/em> tha Rama.<\/span><\/p>\n<p>&nbsp;<\/p>\n","protected":false,"gt_translate_keys":[{"key":"rendered","format":"html"}]},"excerpt":{"rendered":"<p>Pas p\u00ebrfundimit t\u00eb mbledhjes s\u00eb Kryesis\u00eb s\u00eb PS-s\u00eb-, kryeministri Edi Rama tha se partia e tij ka nisur p\u00ebrgatitjet p\u00ebr kryetar\u00ebt e deg\u00ebve n\u00eb t\u00eb gjith\u00eb vendin. \u201cJemi n\u00eb nj\u00eb proces organizmi rip\u00ebrt\u00ebritje dhe p\u00ebrgatitje p\u00ebr zgjedhjet e ardhshme. Pasi kemi zgjedhur kryetar\u00ebt kemi p\u00ebrfshir\u00eb edhe grat\u00eb n\u00eb procesin e p\u00ebrfshirjes, duke vendosur t\u00eb fillojm\u00eb [&hellip;]<\/p>\n","protected":false,"gt_translate_keys":[{"key":"rendered","format":"html"}]},"author":30,"featured_media":343247,"comment_status":"open","ping_status":"open","sticky":false,"template":"","format":"standard","meta":{"footnotes":""},"categories":[65,13],"tags":[],"class_list":["post-343246","post","type-post","status-publish","format-standard","has-post-thumbnail","hentry","category-lajme","category-te-fundit"],"gt_translate_keys":[{"key":"link","format":"url"}],"_links":{"self":[{"href":"https:\/\/www.hashtag.al\/index.php\/wp-json\/wp\/v2\/posts\/343246","targetHints":{"allow":["GET"]}}],"collection":[{"href":"https:\/\/www.hashtag.al\/index.php\/wp-json\/wp\/v2\/posts"}],"about":[{"href":"https:\/\/www.hashtag.al\/index.php\/wp-json\/wp\/v2\/types\/post"}],"author":[{"embeddable":true,"href":"https:\/\/www.hashtag.al\/index.php\/wp-json\/wp\/v2\/users\/30"}],"replies":[{"embeddable":true,"href":"https:\/\/www.hashtag.al\/index.php\/wp-json\/wp\/v2\/comments?post=343246"}],"version-history":[{"count":0,"href":"https:\/\/www.hashtag.al\/index.php\/wp-json\/wp\/v2\/posts\/343246\/revisions"}],"wp:featuredmedia":[{"embeddable":true,"href":"https:\/\/www.hashtag.al\/index.php\/wp-json\/wp\/v2\/media\/343247"}],"wp:attachment":[{"href":"https:\/\/www.hashtag.al\/index.php\/wp-json\/wp\/v2\/media?parent=343246"}],"wp:term":[{"taxonomy":"category","embeddable":true,"href":"https:\/\/www.hashtag.al\/index.php\/wp-json\/wp\/v2\/categories?post=343246"},{"taxonomy":"post_tag","embeddable":true,"href":"https:\/\/www.hashtag.al\/index.php\/wp-json\/wp\/v2\/tags?post=343246"}],"curies":[{"name":"wp","href":"https:\/\/api.w.org\/{rel}","templated":true}]}}