{"id":343098,"date":"2019-12-23T16:03:01","date_gmt":"2019-12-23T15:03:01","guid":{"rendered":"https:\/\/hashtag.al\/?p=343098"},"modified":"2019-12-23T16:03:01","modified_gmt":"2019-12-23T15:03:01","slug":"kercenohet-ne-zyre-kryetari-i-komunes-se-prishtines","status":"publish","type":"post","link":"https:\/\/www.hashtag.al\/index.php\/2019\/12\/23\/kercenohet-ne-zyre-kryetari-i-komunes-se-prishtines\/","title":{"rendered":"K\u00ebrc\u00ebnohet n\u00eb zyr\u00eb, Kryetari i Komun\u00ebs s\u00eb Prishtin\u00ebs","gt_translate_keys":[{"key":"rendered","format":"text"}]},"content":{"rendered":"<p><img loading=\"lazy\" decoding=\"async\" class=\"aligncenter size-full wp-image-343099\" src=\"https:\/\/hashtag.al\/wp-content\/uploads\/2019\/12\/Shpend-Ahmeti-Pressing-600x360.jpg\" alt=\"\" width=\"600\" height=\"360\" srcset=\"https:\/\/www.hashtag.al\/wp-content\/uploads\/2019\/12\/Shpend-Ahmeti-Pressing-600x360.jpg 600w, https:\/\/www.hashtag.al\/wp-content\/uploads\/2019\/12\/Shpend-Ahmeti-Pressing-600x360-300x180.jpg 300w\" sizes=\"auto, (max-width: 600px) 100vw, 600px\" \/><\/p>\n<p><span style=\"color: #000000;\">Kryetari i Komun\u00ebs s\u00eb Prishtin\u00ebs, Shpend Ahmeti, dhe asistenti i tij, Nezir Ismaili, sot jan\u00eb kanosur.<\/span><\/p>\n<p><span style=\"color: #000000;\">Se ka ndodhur nj\u00eb kanosje ndaj nj\u00eb personi zyrtar n\u00eb objektin e komun\u00ebs s\u00eb Prishtin\u00ebs e ka konfirmuar edhe z\u00ebdh\u00ebn\u00ebsja e policis\u00eb p\u00ebr rajonin e Prishtin\u00ebs, Florie Ahmeti, raporton Gazeta Express.<\/span><\/p>\n<p><span style=\"color: #000000;\">\u00a0\u201c<em>Sot rreth or\u00ebs 11:00 n\u00eb stacionin policor Qendra \u00ebsht\u00eb iniciuar nj\u00eb rast \u201cKanosje ndaj personit zyrtar\u201d. Rasti ka ndodhur n\u00eb rrug\u00ebn \u201cU\u00c7K\u201d n\u00eb Prishtin\u00eb, n\u00eb objektin e Komun\u00ebs, Me rastin po merren nj\u00ebsitet kompetente<\/em>\u201d-ka theksuar Ahmeti.<\/span><\/p>\n<p><span style=\"color: #000000;\">Nd\u00ebrkaq burim\u00eb t\u00eb Gazeta Express kan\u00eb treguar se b\u00ebhet fjal\u00eb p\u00ebr kryetarin e Komun\u00ebs s\u00eb Prishtin\u00ebs, Shpend Ahmeti si dhe asistentin e tij, Nezir Ismaili.<\/span><\/p>\n<p>&nbsp;<\/p>\n","protected":false,"gt_translate_keys":[{"key":"rendered","format":"html"}]},"excerpt":{"rendered":"<p>Kryetari i Komun\u00ebs s\u00eb Prishtin\u00ebs, Shpend Ahmeti, dhe asistenti i tij, Nezir Ismaili, sot jan\u00eb kanosur. Se ka ndodhur nj\u00eb kanosje ndaj nj\u00eb personi zyrtar n\u00eb objektin e komun\u00ebs s\u00eb Prishtin\u00ebs e ka konfirmuar edhe z\u00ebdh\u00ebn\u00ebsja e policis\u00eb p\u00ebr rajonin e Prishtin\u00ebs, Florie Ahmeti, raporton Gazeta Express. \u00a0\u201cSot rreth or\u00ebs 11:00 n\u00eb stacionin policor Qendra [&hellip;]<\/p>\n","protected":false,"gt_translate_keys":[{"key":"rendered","format":"html"}]},"author":32,"featured_media":343099,"comment_status":"open","ping_status":"open","sticky":false,"template":"","format":"standard","meta":{"footnotes":""},"categories":[149,13],"tags":[],"class_list":["post-343098","post","type-post","status-publish","format-standard","has-post-thumbnail","hentry","category-kosoverajon","category-te-fundit"],"gt_translate_keys":[{"key":"link","format":"url"}],"_links":{"self":[{"href":"https:\/\/www.hashtag.al\/index.php\/wp-json\/wp\/v2\/posts\/343098","targetHints":{"allow":["GET"]}}],"collection":[{"href":"https:\/\/www.hashtag.al\/index.php\/wp-json\/wp\/v2\/posts"}],"about":[{"href":"https:\/\/www.hashtag.al\/index.php\/wp-json\/wp\/v2\/types\/post"}],"author":[{"embeddable":true,"href":"https:\/\/www.hashtag.al\/index.php\/wp-json\/wp\/v2\/users\/32"}],"replies":[{"embeddable":true,"href":"https:\/\/www.hashtag.al\/index.php\/wp-json\/wp\/v2\/comments?post=343098"}],"version-history":[{"count":0,"href":"https:\/\/www.hashtag.al\/index.php\/wp-json\/wp\/v2\/posts\/343098\/revisions"}],"wp:featuredmedia":[{"embeddable":true,"href":"https:\/\/www.hashtag.al\/index.php\/wp-json\/wp\/v2\/media\/343099"}],"wp:attachment":[{"href":"https:\/\/www.hashtag.al\/index.php\/wp-json\/wp\/v2\/media?parent=343098"}],"wp:term":[{"taxonomy":"category","embeddable":true,"href":"https:\/\/www.hashtag.al\/index.php\/wp-json\/wp\/v2\/categories?post=343098"},{"taxonomy":"post_tag","embeddable":true,"href":"https:\/\/www.hashtag.al\/index.php\/wp-json\/wp\/v2\/tags?post=343098"}],"curies":[{"name":"wp","href":"https:\/\/api.w.org\/{rel}","templated":true}]}}