{"id":342994,"date":"2019-12-23T07:36:35","date_gmt":"2019-12-23T06:36:35","guid":{"rendered":"https:\/\/hashtag.al\/?p=342994"},"modified":"2019-12-23T07:38:56","modified_gmt":"2019-12-23T06:38:56","slug":"sazan-guri-i-kerkon-ndjese-aktivistes-ishte-keqkuptim-dua-nje-takim","status":"publish","type":"post","link":"https:\/\/www.hashtag.al\/index.php\/2019\/12\/23\/sazan-guri-i-kerkon-ndjese-aktivistes-ishte-keqkuptim-dua-nje-takim\/","title":{"rendered":"Sazan Guri i k\u00ebrkon ndjes\u00eb aktivistes: Ishte keqkuptim, dua nj\u00eb takim","gt_translate_keys":[{"key":"rendered","format":"text"}]},"content":{"rendered":"<p><a href=\"https:\/\/hashtag.al\/wp-content\/uploads\/2019\/12\/Guri-Hasa.jpg\"><img loading=\"lazy\" decoding=\"async\" class=\"aligncenter size-full wp-image-342995\" src=\"https:\/\/hashtag.al\/wp-content\/uploads\/2019\/12\/Guri-Hasa.jpg\" alt=\"\" width=\"737\" height=\"375\" srcset=\"https:\/\/www.hashtag.al\/wp-content\/uploads\/2019\/12\/Guri-Hasa.jpg 737w, https:\/\/www.hashtag.al\/wp-content\/uploads\/2019\/12\/Guri-Hasa-300x153.jpg 300w\" sizes=\"auto, (max-width: 737px) 100vw, 737px\" \/><\/a><\/p>\n<p><span style=\"color: #000000;\">Pak dit\u00eb m\u00eb par\u00eb, ambientalisti Sazan Guri u p\u00ebrball me nj\u00eb situat\u00eb t\u00eb sikletshme n\u00eb transmetim live me nj\u00eb aktiviste t\u00eb Organizat\u00ebs Politike, Gresa Hasa.<\/span><\/p>\n<p><span style=\"color: #000000;\">Pasi e akuzoi p\u00ebr seksiz\u00ebm ajo braktisi emisionin, por Guri mbr\u00ebm\u00eb i ka kushtuar nj\u00eb ndjes\u00eb publike n\u00eb rrjetet sociale.<\/span><\/p>\n<p><span style=\"color: #000000;\">Guri shkruan se nuk e ka ofenduar Has\u00ebn me q\u00ebllim dhe madje k\u00ebrkon nj\u00eb takim me t\u00eb n\u00eb m\u00ebnyr\u00eb q\u00eb t&#8217;i k\u00ebrkoj\u00eb ndjes\u00eb p\u00ebrball\u00eb. Ai thot\u00eb se aktivistja e re \u00ebsht\u00eb diell q\u00eb lind, nd\u00ebrsa ai vet\u00eb \u00ebsht\u00eb n\u00eb per\u00ebndim.<a href=\"https:\/\/hashtag.al\/wp-content\/uploads\/2019\/12\/Guri.jpg\"><img loading=\"lazy\" decoding=\"async\" class=\"aligncenter size-full wp-image-342996\" src=\"https:\/\/hashtag.al\/wp-content\/uploads\/2019\/12\/Guri.jpg\" alt=\"\" width=\"512\" height=\"621\" srcset=\"https:\/\/www.hashtag.al\/wp-content\/uploads\/2019\/12\/Guri.jpg 512w, https:\/\/www.hashtag.al\/wp-content\/uploads\/2019\/12\/Guri-247x300.jpg 247w\" sizes=\"auto, (max-width: 512px) 100vw, 512px\" \/><\/a><\/span><\/p>\n<p><span style=\"color: #000000;\">Vet\u00ebm pak or\u00eb pas k\u00ebsaj ndjese publike, Guri dha detaje t\u00eb tjera lidhur me debatin q\u00eb pati me aktivisten. I ftuar n\u00eb &#8216;Ora News&#8217;, ambientalisti tha se gjith\u00e7ka ishte nj\u00eb keqkuptim.\u00a0<\/span><\/p>\n<p><span style=\"color: #000000;\"><em>\u201cTelevizioni \u00ebsht\u00eb fraksione sekondash, \u00ebsht\u00eb m\u00eb i shkurt\u00ebr se mendimi.Un\u00eb mendova q\u00eb \u201ce bukur\u201d u barazoka me seksiz\u00ebm. Bukuria i takon kryesisht grave. Kur e pash\u00eb se ajo q\u00eb e mori ndryshe nuk fola m\u00eb. Doja ta takoja, por ajo iku. I k\u00ebrkova ndjes\u00eb, ishte nj\u00eb falje e sinqert\u00eb. Pata reagime se pse e b\u00ebra statusin, por jam krenar. Do ti thosha q\u00eb un\u00eb jam prindi jot, profesori jot. Ishte nj\u00eb keqkonceptim.\u00a0Djali q\u00eb erdhi nga Norvegjia m\u00eb t\u00ebrhoqi v\u00ebmendjen. Edhe gruaja. \u00a0\u00cbsht\u00eb aktiviste, diell q\u00eb lind. \u00cbsht\u00eb model, \u00ebsht\u00eb aktiviste.\u201d<\/em>&#8211; tha Guri.<\/span><\/p>\n<p><span style=\"color: #000000;\">Ai b\u00ebri p\u00ebr her\u00eb t\u00eb dyt\u00eb thirrje p\u00ebr nj\u00eb takim me Has\u00ebn: <em>&#8220;Do t\u00eb doja t\u00eb kem nj\u00eb takim patjet\u00ebr me t\u00eb. E kam shprehur n\u00eb status. Jam gati, sy m\u00eb sy.&#8221;<\/em><\/span><\/p>\n","protected":false,"gt_translate_keys":[{"key":"rendered","format":"html"}]},"excerpt":{"rendered":"<p>Pak dit\u00eb m\u00eb par\u00eb, ambientalisti Sazan Guri u p\u00ebrball me nj\u00eb situat\u00eb t\u00eb sikletshme n\u00eb transmetim live me nj\u00eb aktiviste t\u00eb Organizat\u00ebs Politike, Gresa Hasa. Pasi e akuzoi p\u00ebr seksiz\u00ebm ajo braktisi emisionin, por Guri mbr\u00ebm\u00eb i ka kushtuar nj\u00eb ndjes\u00eb publike n\u00eb rrjetet sociale. Guri shkruan se nuk e ka ofenduar Has\u00ebn me q\u00ebllim [&hellip;]<\/p>\n","protected":false,"gt_translate_keys":[{"key":"rendered","format":"html"}]},"author":30,"featured_media":342995,"comment_status":"open","ping_status":"open","sticky":false,"template":"","format":"standard","meta":{"footnotes":""},"categories":[65,13],"tags":[],"class_list":["post-342994","post","type-post","status-publish","format-standard","has-post-thumbnail","hentry","category-lajme","category-te-fundit"],"gt_translate_keys":[{"key":"link","format":"url"}],"_links":{"self":[{"href":"https:\/\/www.hashtag.al\/index.php\/wp-json\/wp\/v2\/posts\/342994","targetHints":{"allow":["GET"]}}],"collection":[{"href":"https:\/\/www.hashtag.al\/index.php\/wp-json\/wp\/v2\/posts"}],"about":[{"href":"https:\/\/www.hashtag.al\/index.php\/wp-json\/wp\/v2\/types\/post"}],"author":[{"embeddable":true,"href":"https:\/\/www.hashtag.al\/index.php\/wp-json\/wp\/v2\/users\/30"}],"replies":[{"embeddable":true,"href":"https:\/\/www.hashtag.al\/index.php\/wp-json\/wp\/v2\/comments?post=342994"}],"version-history":[{"count":0,"href":"https:\/\/www.hashtag.al\/index.php\/wp-json\/wp\/v2\/posts\/342994\/revisions"}],"wp:featuredmedia":[{"embeddable":true,"href":"https:\/\/www.hashtag.al\/index.php\/wp-json\/wp\/v2\/media\/342995"}],"wp:attachment":[{"href":"https:\/\/www.hashtag.al\/index.php\/wp-json\/wp\/v2\/media?parent=342994"}],"wp:term":[{"taxonomy":"category","embeddable":true,"href":"https:\/\/www.hashtag.al\/index.php\/wp-json\/wp\/v2\/categories?post=342994"},{"taxonomy":"post_tag","embeddable":true,"href":"https:\/\/www.hashtag.al\/index.php\/wp-json\/wp\/v2\/tags?post=342994"}],"curies":[{"name":"wp","href":"https:\/\/api.w.org\/{rel}","templated":true}]}}