{"id":342988,"date":"2019-12-23T07:14:54","date_gmt":"2019-12-23T06:14:54","guid":{"rendered":"https:\/\/hashtag.al\/?p=342988"},"modified":"2019-12-23T07:43:15","modified_gmt":"2019-12-23T06:43:15","slug":"merr-fund-dilema-arilena-ara-do-te-perfaqesoje-shqiperine-ne-eurovision-2020","status":"publish","type":"post","link":"https:\/\/www.hashtag.al\/index.php\/2019\/12\/23\/merr-fund-dilema-arilena-ara-do-te-perfaqesoje-shqiperine-ne-eurovision-2020\/","title":{"rendered":"Merr fund dilema, Arilena Ara do t\u00eb p\u00ebrfaq\u00ebsoj\u00eb Shqip\u00ebrin\u00eb n\u00eb &#8216;Eurovision 2020&#8217;","gt_translate_keys":[{"key":"rendered","format":"text"}]},"content":{"rendered":"<p><a href=\"https:\/\/hashtag.al\/wp-content\/uploads\/2019\/12\/Arilena.jpg\"><img loading=\"lazy\" decoding=\"async\" class=\"aligncenter size-full wp-image-342990\" src=\"https:\/\/hashtag.al\/wp-content\/uploads\/2019\/12\/Arilena.jpg\" alt=\"\" width=\"660\" height=\"330\" srcset=\"https:\/\/www.hashtag.al\/wp-content\/uploads\/2019\/12\/Arilena.jpg 660w, https:\/\/www.hashtag.al\/wp-content\/uploads\/2019\/12\/Arilena-300x150.jpg 300w\" sizes=\"auto, (max-width: 660px) 100vw, 660px\" \/><\/a><\/p>\n<p><span style=\"color: #000000;\">Arilena Ara \u00ebsht\u00eb shpallur fituese e Festivalit t\u00eb 58-t\u00eb k\u00ebng\u00ebs n\u00eb RTSH dhe k\u00ebshtu do t\u00eb jet\u00eb ajo k\u00ebng\u00ebtarja q\u00eb do t\u00eb p\u00ebrfaq\u00ebsoj\u00eb Shqip\u00ebrin\u00eb n\u00eb Eurovision.<\/span><\/p>\n<p><span style=\"color: #000000;\">Nd\u00ebrkoh\u00eb Elvana Gjata, e cila \u00ebsht\u00eb p\u00ebrfolur p\u00ebr gjat\u00eb gjith\u00eb k\u00ebsaj periudhe si fituesja e mundshme, \u00ebsht\u00eb renditur e dyta. Nd\u00ebrsa vendin e trete e ka fituar 16-vje\u00e7arja Sara me k\u00ebng\u00ebn \u201cAj\u00ebr\u201d.<\/span><\/p>\n<p><span style=\"color: #000000;\">N\u00eb momentin kur mori trofeun n\u00eb duar, Arilena e p\u00ebrlotur tha se kjo \u00ebsht\u00eb k\u00ebnga e par\u00eb q\u00eb i ka dedikuar vetes.<\/span><\/p>\n<p><span style=\"color: #000000;\"><em>\u00a0\u201cNuk e kisha menduar asnj\u00ebher\u00eb k\u00ebt\u00eb moment. Nuk b\u00ebj muzik\u00eb p\u00ebr t\u00eb fituar \u00e7mime, b\u00ebj muzik\u00eb se i kam dedikuar jet\u00ebn muzik\u00ebs q\u00eb 14-vje\u00e7e. T\u00eb gjitha k\u00ebng\u00ebt i kam k\u00ebnduar p\u00ebr t\u00eb tjer\u00ebt, por k\u00ebsaj here shkruam nj\u00eb k\u00ebng\u00eb p\u00ebr veten time, me k\u00ebt\u00eb k\u00ebng\u00eb kam qar\u00eb, kam qeshur, jam ndjer\u00eb n\u00eb ankth. Jam e emocionuar se sot kam mamin tim n\u00eb sall\u00eb, jan\u00eb t\u00eb gjith\u00eb miqt\u00eb e mi\u2026\u201d<\/em>,\u00a0tha Arilena.<\/span><\/p>\n<p><span style=\"color: #000000;\">Pas k\u00ebsaj fitoreje t\u00eb gjith\u00eb jan\u00eb kurioz\u00eb n\u00ebse ajo do e k\u00ebndoj\u00eb k\u00ebng\u00ebn n\u00eb shqip apo n\u00eb anglisht. Arilena tha p\u00ebr RTSH se ende nuk e ka marr\u00eb k\u00ebt\u00eb vendim por mendon se i p\u00ebrshtatet m\u00eb shum\u00eb n\u00eb gjuh\u00ebn angleze. Momentin kur Arilena shpallet fituese, mund ta ndiqni n\u00eb minut\u00ebn 01:05:05 n\u00eb videon e m\u00ebposhtme.<\/span><\/p>\n<p>https:\/\/www.youtube.com\/watch?v=ealqNbCuuKs<\/p>\n","protected":false,"gt_translate_keys":[{"key":"rendered","format":"html"}]},"excerpt":{"rendered":"<p>Arilena Ara \u00ebsht\u00eb shpallur fituese e Festivalit t\u00eb 58-t\u00eb k\u00ebng\u00ebs n\u00eb RTSH dhe k\u00ebshtu do t\u00eb jet\u00eb ajo k\u00ebng\u00ebtarja q\u00eb do t\u00eb p\u00ebrfaq\u00ebsoj\u00eb Shqip\u00ebrin\u00eb n\u00eb Eurovision. Nd\u00ebrkoh\u00eb Elvana Gjata, e cila \u00ebsht\u00eb p\u00ebrfolur p\u00ebr gjat\u00eb gjith\u00eb k\u00ebsaj periudhe si fituesja e mundshme, \u00ebsht\u00eb renditur e dyta. Nd\u00ebrsa vendin e trete e ka fituar 16-vje\u00e7arja Sara [&hellip;]<\/p>\n","protected":false,"gt_translate_keys":[{"key":"rendered","format":"html"}]},"author":30,"featured_media":342990,"comment_status":"open","ping_status":"open","sticky":false,"template":"","format":"standard","meta":{"footnotes":""},"categories":[53],"tags":[],"class_list":["post-342988","post","type-post","status-publish","format-standard","has-post-thumbnail","hentry","category-fast-foodi"],"gt_translate_keys":[{"key":"link","format":"url"}],"_links":{"self":[{"href":"https:\/\/www.hashtag.al\/index.php\/wp-json\/wp\/v2\/posts\/342988","targetHints":{"allow":["GET"]}}],"collection":[{"href":"https:\/\/www.hashtag.al\/index.php\/wp-json\/wp\/v2\/posts"}],"about":[{"href":"https:\/\/www.hashtag.al\/index.php\/wp-json\/wp\/v2\/types\/post"}],"author":[{"embeddable":true,"href":"https:\/\/www.hashtag.al\/index.php\/wp-json\/wp\/v2\/users\/30"}],"replies":[{"embeddable":true,"href":"https:\/\/www.hashtag.al\/index.php\/wp-json\/wp\/v2\/comments?post=342988"}],"version-history":[{"count":0,"href":"https:\/\/www.hashtag.al\/index.php\/wp-json\/wp\/v2\/posts\/342988\/revisions"}],"wp:featuredmedia":[{"embeddable":true,"href":"https:\/\/www.hashtag.al\/index.php\/wp-json\/wp\/v2\/media\/342990"}],"wp:attachment":[{"href":"https:\/\/www.hashtag.al\/index.php\/wp-json\/wp\/v2\/media?parent=342988"}],"wp:term":[{"taxonomy":"category","embeddable":true,"href":"https:\/\/www.hashtag.al\/index.php\/wp-json\/wp\/v2\/categories?post=342988"},{"taxonomy":"post_tag","embeddable":true,"href":"https:\/\/www.hashtag.al\/index.php\/wp-json\/wp\/v2\/tags?post=342988"}],"curies":[{"name":"wp","href":"https:\/\/api.w.org\/{rel}","templated":true}]}}