{"id":342978,"date":"2019-12-22T22:30:02","date_gmt":"2019-12-22T21:30:02","guid":{"rendered":"https:\/\/hashtag.al\/?p=342978"},"modified":"2019-12-22T22:35:00","modified_gmt":"2019-12-22T21:35:00","slug":"nderron-jete-edhe-i-plagosuri-rendohet-bilanci-i-aksidentit-ne-elbasan","status":"publish","type":"post","link":"https:\/\/www.hashtag.al\/index.php\/2019\/12\/22\/nderron-jete-edhe-i-plagosuri-rendohet-bilanci-i-aksidentit-ne-elbasan\/","title":{"rendered":"Nd\u00ebrron jet\u00eb edhe i plagosuri, r\u00ebndohet bilanci i aksidentit n\u00eb Elbasan","gt_translate_keys":[{"key":"rendered","format":"text"}]},"content":{"rendered":"<p><img loading=\"lazy\" decoding=\"async\" class=\"aligncenter size-full wp-image-335234\" src=\"https:\/\/hashtag.al\/wp-content\/uploads\/2019\/11\/aksidentfurgon.jpg\" alt=\"\" width=\"723\" height=\"502\" srcset=\"https:\/\/www.hashtag.al\/wp-content\/uploads\/2019\/11\/aksidentfurgon.jpg 723w, https:\/\/www.hashtag.al\/wp-content\/uploads\/2019\/11\/aksidentfurgon-300x208.jpg 300w\" sizes=\"auto, (max-width: 723px) 100vw, 723px\" \/><\/p>\n<p><span style=\"color: #000000;\">\u00cbsht\u00eb r\u00ebnduar bilanci i aksidentit t\u00eb ndodhur pasditen e sotme n\u00eb rrug\u00ebn Elbasan-C\u00ebrrik. <\/span><\/p>\n<p><span style=\"color: #000000;\">Nga p\u00ebrplasja e nj\u00eb mjeti tip Audi me nj\u00eb moto\u00e7iklet\u00eb nd\u00ebrroi jet\u00eb drejtuesi i k\u00ebsaj t\u00eb fundit, Ervis Driza., nd\u00ebrsa u plagos bashk\u00ebudh\u00ebtari i tij.<\/span><\/p>\n<p><span style=\"color: #000000;\"> Por pak or\u00eb m\u00eb von\u00eb ka nd\u00ebrruar jet\u00eb n\u00eb spital edhe 56-vje\u00e7ari Fatos Qosa, q\u00eb udh\u00ebtonte me moto\u00e7iklet\u00eb me 35-vje\u00e7arin. <\/span><\/p>\n<p><span style=\"color: #000000;\">Aksidenti i r\u00ebnd\u00eb ndodhi pran\u00eb fshatit Shirgjan kurse drejtuesi i mjetit \u00ebsht\u00eb shoq\u00ebruar nga policia.<\/span><\/p>\n","protected":false,"gt_translate_keys":[{"key":"rendered","format":"html"}]},"excerpt":{"rendered":"<p>\u00cbsht\u00eb r\u00ebnduar bilanci i aksidentit t\u00eb ndodhur pasditen e sotme n\u00eb rrug\u00ebn Elbasan-C\u00ebrrik. Nga p\u00ebrplasja e nj\u00eb mjeti tip Audi me nj\u00eb moto\u00e7iklet\u00eb nd\u00ebrroi jet\u00eb drejtuesi i k\u00ebsaj t\u00eb fundit, Ervis Driza., nd\u00ebrsa u plagos bashk\u00ebudh\u00ebtari i tij. Por pak or\u00eb m\u00eb von\u00eb ka nd\u00ebrruar jet\u00eb n\u00eb spital edhe 56-vje\u00e7ari Fatos Qosa, q\u00eb udh\u00ebtonte me [&hellip;]<\/p>\n","protected":false,"gt_translate_keys":[{"key":"rendered","format":"html"}]},"author":51,"featured_media":335234,"comment_status":"open","ping_status":"open","sticky":false,"template":"","format":"standard","meta":{"footnotes":""},"categories":[65,13],"tags":[],"class_list":["post-342978","post","type-post","status-publish","format-standard","has-post-thumbnail","hentry","category-lajme","category-te-fundit"],"gt_translate_keys":[{"key":"link","format":"url"}],"_links":{"self":[{"href":"https:\/\/www.hashtag.al\/index.php\/wp-json\/wp\/v2\/posts\/342978","targetHints":{"allow":["GET"]}}],"collection":[{"href":"https:\/\/www.hashtag.al\/index.php\/wp-json\/wp\/v2\/posts"}],"about":[{"href":"https:\/\/www.hashtag.al\/index.php\/wp-json\/wp\/v2\/types\/post"}],"author":[{"embeddable":true,"href":"https:\/\/www.hashtag.al\/index.php\/wp-json\/wp\/v2\/users\/51"}],"replies":[{"embeddable":true,"href":"https:\/\/www.hashtag.al\/index.php\/wp-json\/wp\/v2\/comments?post=342978"}],"version-history":[{"count":0,"href":"https:\/\/www.hashtag.al\/index.php\/wp-json\/wp\/v2\/posts\/342978\/revisions"}],"wp:featuredmedia":[{"embeddable":true,"href":"https:\/\/www.hashtag.al\/index.php\/wp-json\/wp\/v2\/media\/335234"}],"wp:attachment":[{"href":"https:\/\/www.hashtag.al\/index.php\/wp-json\/wp\/v2\/media?parent=342978"}],"wp:term":[{"taxonomy":"category","embeddable":true,"href":"https:\/\/www.hashtag.al\/index.php\/wp-json\/wp\/v2\/categories?post=342978"},{"taxonomy":"post_tag","embeddable":true,"href":"https:\/\/www.hashtag.al\/index.php\/wp-json\/wp\/v2\/tags?post=342978"}],"curies":[{"name":"wp","href":"https:\/\/api.w.org\/{rel}","templated":true}]}}