{"id":342860,"date":"2019-12-22T14:23:41","date_gmt":"2019-12-22T13:23:41","guid":{"rendered":"https:\/\/hashtag.al\/?p=342860"},"modified":"2019-12-22T14:25:14","modified_gmt":"2019-12-22T13:25:14","slug":"macron-i-kerkon-grevisteve-mos-te-shkaterrojne-krishtlindjet","status":"publish","type":"post","link":"https:\/\/www.hashtag.al\/index.php\/2019\/12\/22\/macron-i-kerkon-grevisteve-mos-te-shkaterrojne-krishtlindjet\/","title":{"rendered":"Macron i k\u00ebrkon grevist\u00ebve mos t\u00eb shkat\u00ebrrojn\u00eb Krishtlindjet","gt_translate_keys":[{"key":"rendered","format":"text"}]},"content":{"rendered":"<p><a href=\"https:\/\/hashtag.al\/wp-content\/uploads\/2019\/12\/Macron.jpg\"><img loading=\"lazy\" decoding=\"async\" class=\"aligncenter size-full wp-image-342862\" src=\"https:\/\/hashtag.al\/wp-content\/uploads\/2019\/12\/Macron.jpg\" alt=\"\" width=\"624\" height=\"351\" srcset=\"https:\/\/www.hashtag.al\/wp-content\/uploads\/2019\/12\/Macron.jpg 624w, https:\/\/www.hashtag.al\/wp-content\/uploads\/2019\/12\/Macron-300x169.jpg 300w\" sizes=\"auto, (max-width: 624px) 100vw, 624px\" \/><\/a><\/p>\n<p><span style=\"color: #000000;\">Presidenti francez Emmanuel Macron u ka b\u00ebr\u00eb thirrje sindikatave t\u00eb transportit p\u00ebr t\u00eb pezulluar grevat q\u00eb k\u00ebrc\u00ebnojn\u00eb t\u00eb sjellin kaos me udh\u00ebtimin gjat\u00eb festave t\u00eb Krishtlindjeve.<\/span><\/p>\n<p><span style=\"color: #000000;\">Gjat\u00eb nj\u00eb vizite n\u00eb Bregun e Fildisht\u00eb, Macron sugjeroi q\u00eb grevist\u00ebt duhet t\u00eb vendosin p\u00ebr <em>&#8220;nj\u00eb arm\u00ebpushim p\u00ebr respektimin e familjeve dhe jet\u00ebs familjare&#8221;.<\/em><\/span><\/p>\n<p><span style=\"color: #000000;\">Prej dy jav\u00ebsh greva p\u00ebr reformat e pensioneve q\u00eb planifikon Macron, kan\u00eb shkaktuar p\u00ebr\u00e7arje n\u00eb t\u00eb gjith\u00eb Franc\u00ebn.<\/span><\/p>\n<p><span style=\"color: #000000;\">Operatori i transportit me tren, SNCF tha se sh\u00ebrbimet e tyre do nd\u00ebrpriten gjat\u00eb Krishtlindjeve. <\/span><span style=\"color: #000000;\">T\u00eb shtun\u00ebn kan\u00eb operuar vet\u00ebm gjysma e numrit t\u00eb zakonsh\u00ebm t\u00eb trenave me shpejt\u00ebsi t\u00eb lart\u00eb dhe gjysma e linjave t\u00eb metros\u00eb n\u00eb Paris u mbyll\u00ebn.<\/span><\/p>\n<p><span style=\"color: #000000;\">Shum\u00eb qytetar\u00eb francez\u00eb q\u00eb shkojn\u00eb p\u00ebr t\u00eb kaluar pushimet me familjen dhe miqt\u00eb e kan\u00eb gjetur veten t\u00eb bllokuar p\u00ebr shkak t\u00eb anulimit t\u00eb udh\u00ebtimeve me tren dhe rrug\u00ebve t\u00eb bllokuara. Qindra fluturime jan\u00eb anuluar gjithashtu.<\/span><\/p>\n<p><span style=\"color: #000000;\"><em>&#8220;Veprimi i grev\u00ebs \u00ebsht\u00eb i justifikuesh\u00ebm dhe i mbrojtur nga kushtetuta, por besoj se ka momente n\u00eb jet\u00ebn e nj\u00eb kombi kur \u00ebsht\u00eb gjithashtu mir\u00eb t\u00eb mbash nj\u00eb arm\u00ebpushim p\u00ebr t\u00eb respektuar familjet dhe jet\u00ebn e familjeve&#8221;<\/em>&#8211; tha Macron, citon <span style=\"color: #0000ff;\"><a style=\"color: #0000ff;\" href=\"https:\/\/www.bbc.com\/news\/world-europe-50881869\">BBC<\/a><\/span>.<\/span><\/p>\n<p><span style=\"color: #000000;\">Presidenti francez ka propozuar t\u00eb z\u00ebvend\u00ebsoj\u00eb 42 regjimet e ve\u00e7anta t\u00eb pensioneve t\u00eb Franc\u00ebs me nj\u00eb sistem universal t\u00eb bazuar n\u00eb pik\u00eb.<\/span><\/p>\n<p><span style=\"color: #000000;\">Por pun\u00ebtor\u00ebt thon\u00eb se reformat do t&#8217;i b\u00ebnin ata t\u00eb dilnin n\u00eb pension m\u00eb von\u00eb ose do t\u00eb p\u00ebrballeshin me ulje t\u00eb pagave.<\/span><\/p>\n<p><a href=\"https:\/\/hashtag.al\/wp-content\/uploads\/2019\/12\/greva.jpg\"><img loading=\"lazy\" decoding=\"async\" class=\"aligncenter size-full wp-image-342861\" src=\"https:\/\/hashtag.al\/wp-content\/uploads\/2019\/12\/greva.jpg\" alt=\"\" width=\"660\" height=\"371\" srcset=\"https:\/\/www.hashtag.al\/wp-content\/uploads\/2019\/12\/greva.jpg 660w, https:\/\/www.hashtag.al\/wp-content\/uploads\/2019\/12\/greva-300x169.jpg 300w\" sizes=\"auto, (max-width: 660px) 100vw, 660px\" \/><\/a><\/p>\n","protected":false,"gt_translate_keys":[{"key":"rendered","format":"html"}]},"excerpt":{"rendered":"<p>Presidenti francez Emmanuel Macron u ka b\u00ebr\u00eb thirrje sindikatave t\u00eb transportit p\u00ebr t\u00eb pezulluar grevat q\u00eb k\u00ebrc\u00ebnojn\u00eb t\u00eb sjellin kaos me udh\u00ebtimin gjat\u00eb festave t\u00eb Krishtlindjeve. Gjat\u00eb nj\u00eb vizite n\u00eb Bregun e Fildisht\u00eb, Macron sugjeroi q\u00eb grevist\u00ebt duhet t\u00eb vendosin p\u00ebr &#8220;nj\u00eb arm\u00ebpushim p\u00ebr respektimin e familjeve dhe jet\u00ebs familjare&#8221;. Prej dy jav\u00ebsh greva p\u00ebr [&hellip;]<\/p>\n","protected":false,"gt_translate_keys":[{"key":"rendered","format":"html"}]},"author":30,"featured_media":342862,"comment_status":"open","ping_status":"open","sticky":false,"template":"","format":"standard","meta":{"footnotes":""},"categories":[6],"tags":[],"class_list":["post-342860","post","type-post","status-publish","format-standard","has-post-thumbnail","hentry","category-nderkombetare"],"gt_translate_keys":[{"key":"link","format":"url"}],"_links":{"self":[{"href":"https:\/\/www.hashtag.al\/index.php\/wp-json\/wp\/v2\/posts\/342860","targetHints":{"allow":["GET"]}}],"collection":[{"href":"https:\/\/www.hashtag.al\/index.php\/wp-json\/wp\/v2\/posts"}],"about":[{"href":"https:\/\/www.hashtag.al\/index.php\/wp-json\/wp\/v2\/types\/post"}],"author":[{"embeddable":true,"href":"https:\/\/www.hashtag.al\/index.php\/wp-json\/wp\/v2\/users\/30"}],"replies":[{"embeddable":true,"href":"https:\/\/www.hashtag.al\/index.php\/wp-json\/wp\/v2\/comments?post=342860"}],"version-history":[{"count":0,"href":"https:\/\/www.hashtag.al\/index.php\/wp-json\/wp\/v2\/posts\/342860\/revisions"}],"wp:featuredmedia":[{"embeddable":true,"href":"https:\/\/www.hashtag.al\/index.php\/wp-json\/wp\/v2\/media\/342862"}],"wp:attachment":[{"href":"https:\/\/www.hashtag.al\/index.php\/wp-json\/wp\/v2\/media?parent=342860"}],"wp:term":[{"taxonomy":"category","embeddable":true,"href":"https:\/\/www.hashtag.al\/index.php\/wp-json\/wp\/v2\/categories?post=342860"},{"taxonomy":"post_tag","embeddable":true,"href":"https:\/\/www.hashtag.al\/index.php\/wp-json\/wp\/v2\/tags?post=342860"}],"curies":[{"name":"wp","href":"https:\/\/api.w.org\/{rel}","templated":true}]}}